{"id":8417,"date":"2024-01-15T16:35:01","date_gmt":"2024-01-15T14:35:01","guid":{"rendered":"https:\/\/thegreenballoon.org\/patisxclima\/?p=8417"},"modified":"2025-02-11T17:09:57","modified_gmt":"2025-02-11T15:09:57","slug":"renaturalitzacio-despais-i-entorns-educatius-eina-de-transicio-ecosocial","status":"publish","type":"post","link":"https:\/\/thegreenballoon.org\/patisxclima\/audiovisuals\/renaturalitzacio-despais-i-entorns-educatius-eina-de-transicio-ecosocial\/","title":{"rendered":"Renaturalitzaci\u00f3 d\u2019Espais i Entorns Educatius. Eina de transici\u00f3 ecosocial"},"content":{"rendered":"\n<p><\/p>\n\n\n\n<p>Hem preguntat a experts de diferents \u00e0mbits perqu\u00e8 creuen que la Renaturalitzaci\u00f3 d\u2019espais i entorns educatius \u00e9s una Eina de Resili\u00e8ncia Urbana.<\/p>\n\n\n\n<p>Ens responen com a t\u00e8cnics de l\u2019administraci\u00f3, professionals del m\u00f3n de l\u2019educaci\u00f3, la salut, la biologia, la recerca o l\u2019activaci\u00f3 comunit\u00e0ria\u2026 Les respostes s\u00f3n complement\u00e0ries i \u00e9s que els projectes de renaturalitzaci\u00f3 de l\u2019Escola s\u00f3n una eina de Resili\u00e8ncia Urbana enfront la crisis clim\u00e0tica actual. La clau rau en la complexitat, riquesa i repte de treballar en comunitat per a la Transformaci\u00f3 Ecosocial, i els patis de les Escoles s\u00f3n un bon escenari on assajar aquest canvi.<\/p>\n\n\n\n<p>Qu\u00e8 vol dir Renaturalitzar? i quins s\u00f3n els agents clau en aquesta proc\u00e9s? quin paper juga la ciutadania i quin l\u2019administraci\u00f3?<\/p>\n\n\n\n<p>Algunes idees clau es formulen en les respostes que ens ofereixen aquests experts.<\/p>\n\n\n\n<p>V\u00eddeos dins del marc de les VII Jornades de Renaturalitzaci\u00f3 d\u2019Espais i Entorns Educatius. Barcelona 2023.<\/p>\n\n\n\n<div class=\"wp-block-columns is-layout-flex wp-container-core-columns-is-layout-9d6595d7 wp-block-columns-is-layout-flex\">\n<div class=\"wp-block-column is-layout-flow wp-block-column-is-layout-flow\" style=\"flex-basis:25%\">\n<figure> <lite-youtube videoid=\"8L-BSz2CxrI\" params=\"color=white&#038;controls=0&#038;autoplay=0i\" title=\"La necessitat d\u2019apropar les persones als entorns naturals\"><\/lite-youtube> <\/figure>\n\n\n\n<div style=\"height:15px\" aria-hidden=\"true\" class=\"wp-block-spacer\"><\/div>\n\n\n\n<h3 class=\"wp-block-heading wp-embed-aspect-1-1 wp-has-aspect-ratio has-medium-font-size\">La necessitat d\u2019apropar les persones als entorns naturals<\/h3>\n\n\n\n<p class=\"wp-embed-aspect-1-1 wp-has-aspect-ratio\">\u00c0lex March. Cap de secci\u00f3 de Biodiversitat i Gesti\u00f3 del Verd de l\u2019Ajuntament de Mollet del Vall\u00e8s.<\/p>\n<\/div>\n\n\n\n<div class=\"wp-block-column is-layout-flow wp-block-column-is-layout-flow\" style=\"flex-basis:25%\">\n<figure> <lite-youtube videoid=\"NrKyX61rZn4\" params=\"color=white&#038;controls=0&#038;autoplay=0i\" title=\"Dels programes pilots als programes anuals\"><\/lite-youtube> <\/figure>\n\n\n\n<div style=\"height:15px\" aria-hidden=\"true\" class=\"wp-block-spacer\"><\/div>\n\n\n\n<h3 class=\"wp-block-heading wp-embed-aspect-1-1 wp-has-aspect-ratio has-medium-font-size\">Dels programes pilots als programes anuals<\/h3>\n\n\n\n<p class=\"wp-embed-aspect-1-1 wp-has-aspect-ratio\">Jaume Barnada. Coordinador de Projectes de Relacions Internacionals del Departament d\u2019 Ecologia Urbana de l\u2019Ajuntament de Barcelona.<\/p>\n<\/div>\n\n\n\n<div class=\"wp-block-column is-layout-flow wp-block-column-is-layout-flow\" style=\"flex-basis:25%\">\n<figure> <lite-youtube videoid=\"Gq17x9d4h9Q\" params=\"color=white&#038;controls=0&#038;autoplay=0i\" title=\"El canvi ha d\u2019anar vinculat al proc\u00e9s educatiu a totes les etapes\"><\/lite-youtube> <\/figure>\n\n\n\n<div style=\"height:15px\" aria-hidden=\"true\" class=\"wp-block-spacer\"><\/div>\n\n\n\n<h3 class=\"wp-block-heading wp-embed-aspect-1-1 wp-has-aspect-ratio has-medium-font-size\">El canvi ha d\u2019anar vinculat al proc\u00e9s educatiu a totes les etapes<\/h3>\n\n\n\n<p class=\"wp-embed-aspect-1-1 wp-has-aspect-ratio\">Pere Soler. Professor del Departament de Pedagogia de la Universitat de Girona. Codirector de Liberi, grup de recerca en inf\u00e0ncia, joventut i comunitat.<\/p>\n<\/div>\n\n\n\n<div class=\"wp-block-column is-layout-flow wp-block-column-is-layout-flow\" style=\"flex-basis:25%\">\n<figure> <lite-youtube videoid=\"M1lIl2DJ7V8\" params=\"color=white&#038;controls=0&#038;autoplay=0i\" title=\"La inf\u00e0ncia com a motor de canvi\"><\/lite-youtube> <\/figure>\n\n\n\n<div style=\"height:15px\" aria-hidden=\"true\" class=\"wp-block-spacer\"><\/div>\n\n\n\n<h3 class=\"wp-block-heading wp-embed-aspect-1-1 wp-has-aspect-ratio has-medium-font-size\">La inf\u00e0ncia com a motor de canvi<\/h3>\n\n\n\n<p class=\"wp-embed-aspect-1-1 wp-has-aspect-ratio\">Mariona Ferrandiz. Professora associada i investigadora a la UAB i cocreadora de \u201cReplantegem\u201d<\/p>\n<\/div>\n<\/div>\n\n\n\n<div class=\"wp-block-columns is-layout-flex wp-container-core-columns-is-layout-9d6595d7 wp-block-columns-is-layout-flex\">\n<div class=\"wp-block-column is-layout-flow wp-block-column-is-layout-flow\">\n<figure> <lite-youtube videoid=\"1kWNfIcOzV0\" params=\"color=white&#038;controls=0&#038;autoplay=0i\" title=\"Els entorns educatius com espais estrat\u00e8gics\"><\/lite-youtube> <\/figure>\n\n\n\n<div style=\"height:15px\" aria-hidden=\"true\" class=\"wp-block-spacer\"><\/div>\n\n\n\n<h3 class=\"wp-block-heading has-medium-font-size\">Els entorns educatius com espais estrat\u00e8gics<\/h3>\n\n\n\n<p>Monica Ubalde. Investigadora de l\u2019Institut de Salut Global de Barcelona. Iniciativa de planificaci\u00f3 urbana, medi ambient i salut.<\/p>\n<\/div>\n\n\n\n<div class=\"wp-block-column is-layout-flow wp-block-column-is-layout-flow\">\n<figure> <lite-youtube videoid=\"eqZXrpIMaPM\" params=\"color=white&#038;controls=0&#038;autoplay=0i\" title=\"L\u2019Escola com a Ecosistema viu\"><\/lite-youtube> <\/figure>\n\n\n\n<div style=\"height:15px\" aria-hidden=\"true\" class=\"wp-block-spacer\"><\/div>\n\n\n\n<h3 class=\"wp-block-heading has-medium-font-size\">L\u2019Escola com a Ecosistema viu<\/h3>\n\n\n\n<p>Erika Zarate. Ambient\u00f2loga i experta en resili\u00e8ncia comunit\u00e0ria i organitzacional a la Cooperativa Resilience Earth.<\/p>\n<\/div>\n\n\n\n<div class=\"wp-block-column is-layout-flow wp-block-column-is-layout-flow\"><\/div>\n\n\n\n<div class=\"wp-block-column is-layout-flow wp-block-column-is-layout-flow\"><\/div>\n<\/div>\n","protected":false},"excerpt":{"rendered":"<p>V\u00eddeos dins del marc de les VII Jornades de Renaturalitzaci\u00f3 d\u2019Espais i Entorns Educatius. Barcelona 2023<\/p>\n","protected":false},"author":3,"featured_media":9110,"comment_status":"closed","ping_status":"closed","sticky":false,"template":"","format":"standard","meta":{"footnotes":""},"categories":[653],"tags":[],"class_list":["post-8417","post","type-post","status-publish","format-standard","has-post-thumbnail","hentry","category-audiovisuals","infinite-scroll-item","generate-columns","tablet-grid-50","mobile-grid-100","grid-parent","grid-25","no-featured-image-padding"],"_links":{"self":[{"href":"https:\/\/thegreenballoon.org\/patisxclima\/wp-json\/wp\/v2\/posts\/8417","targetHints":{"allow":["GET"]}}],"collection":[{"href":"https:\/\/thegreenballoon.org\/patisxclima\/wp-json\/wp\/v2\/posts"}],"about":[{"href":"https:\/\/thegreenballoon.org\/patisxclima\/wp-json\/wp\/v2\/types\/post"}],"author":[{"embeddable":true,"href":"https:\/\/thegreenballoon.org\/patisxclima\/wp-json\/wp\/v2\/users\/3"}],"replies":[{"embeddable":true,"href":"https:\/\/thegreenballoon.org\/patisxclima\/wp-json\/wp\/v2\/comments?post=8417"}],"version-history":[{"count":8,"href":"https:\/\/thegreenballoon.org\/patisxclima\/wp-json\/wp\/v2\/posts\/8417\/revisions"}],"predecessor-version":[{"id":11914,"href":"https:\/\/thegreenballoon.org\/patisxclima\/wp-json\/wp\/v2\/posts\/8417\/revisions\/11914"}],"wp:featuredmedia":[{"embeddable":true,"href":"https:\/\/thegreenballoon.org\/patisxclima\/wp-json\/wp\/v2\/media\/9110"}],"wp:attachment":[{"href":"https:\/\/thegreenballoon.org\/patisxclima\/wp-json\/wp\/v2\/media?parent=8417"}],"wp:term":[{"taxonomy":"category","embeddable":true,"href":"https:\/\/thegreenballoon.org\/patisxclima\/wp-json\/wp\/v2\/categories?post=8417"},{"taxonomy":"post_tag","embeddable":true,"href":"https:\/\/thegreenballoon.org\/patisxclima\/wp-json\/wp\/v2\/tags?post=8417"}],"curies":[{"name":"wp","href":"https:\/\/api.w.org\/{rel}","templated":true}]}}