{"id":13496,"date":"2026-04-30T12:45:50","date_gmt":"2026-04-30T10:45:50","guid":{"rendered":"https:\/\/thegreenballoon.org\/patisxclima\/?p=13496"},"modified":"2026-04-30T14:01:28","modified_gmt":"2026-04-30T12:01:28","slug":"primavera-en-los-patios-aprender-jugar-y-crecer-al-aire-libre","status":"publish","type":"post","link":"https:\/\/thegreenballoon.org\/patisxclima\/noticias\/primavera-en-los-patios-aprender-jugar-y-crecer-al-aire-libre\/","title":{"rendered":"Primavera en los patios: aprender, jugar y crecer al aire libre"},"content":{"rendered":"\n<div class=\"wp-block-cover is-light\"><img loading=\"lazy\" decoding=\"async\" width=\"1024\" height=\"771\" class=\"wp-block-cover__image-background wp-image-13416 size-large\" alt=\"\" src=\"https:\/\/thegreenballoon.org\/patisxclima\/wp-content\/uploads\/2026\/04\/260423_primavera-IE-Carles-Capdevila-0-1024x771.jpeg\" style=\"object-position:53% 76%\" data-object-fit=\"cover\" data-object-position=\"53% 76%\" srcset=\"https:\/\/thegreenballoon.org\/patisxclima\/wp-content\/uploads\/2026\/04\/260423_primavera-IE-Carles-Capdevila-0-1024x771.jpeg 1024w, https:\/\/thegreenballoon.org\/patisxclima\/wp-content\/uploads\/2026\/04\/260423_primavera-IE-Carles-Capdevila-0-300x226.jpeg 300w, https:\/\/thegreenballoon.org\/patisxclima\/wp-content\/uploads\/2026\/04\/260423_primavera-IE-Carles-Capdevila-0-768x578.jpeg 768w, https:\/\/thegreenballoon.org\/patisxclima\/wp-content\/uploads\/2026\/04\/260423_primavera-IE-Carles-Capdevila-0-1536x1157.jpeg 1536w, https:\/\/thegreenballoon.org\/patisxclima\/wp-content\/uploads\/2026\/04\/260423_primavera-IE-Carles-Capdevila-0.jpeg 2040w\" sizes=\"auto, (max-width: 1024px) 100vw, 1024px\" \/><span aria-hidden=\"true\" class=\"wp-block-cover__background has-background-dim-0 has-background-dim\" style=\"background-color:#8f8978\"><\/span><div class=\"wp-block-cover__inner-container is-layout-flow wp-block-cover-is-layout-flow\">\n<p class=\"has-text-align-center has-large-font-size\"><\/p>\n<\/div><\/div>\n\n\n\n<p><\/p>\n\n\n\n<p>Con la llegada de la primavera, <strong>los patios escolares se transforman<\/strong>. Las temperaturas suaves, los d\u00edas m\u00e1s largos y la explosi\u00f3n de verde invitan a salir al exterior \u2014 y ponen en evidencia <strong>el potencial educativo, ambiental y emocional de los espacios exteriores<\/strong>.<\/p>\n\n\n\n<p>En un contexto de cambio clim\u00e1tico y aumento de las temperaturas, disponer de patios renaturalizados no es solo una mejora est\u00e9tica: es una necesidad. Los \u00e1rboles proporcionan sombra, regulan la temperatura y crean microclimas m\u00e1s confortables. Pero tambi\u00e9n aportan mucho m\u00e1s: se convierten <strong>en verdaderas aulas abiertas donde el aprendizaje se vuelve vivencial<\/strong>. <\/p>\n\n\n\n<p>Observar los ciclos de las plantas, experimentar con materiales naturales o simplemente disponer de espacios que favorecen el juego libre y el movimiento son experiencias que <strong>impactan positivamente en el bienestar emocional, la concentraci\u00f3n y el desarrollo psicomotor de ni\u00f1os y j\u00f3venes<\/strong>.<\/p>\n\n\n\n<p>Un buen ejemplo de este potencial lo encontramos en el <strong>Instituto-Escuela Carles Capdevila de Hostalets de Baleny\u00e0<\/strong>. Esta primavera, la comunidad educativa ha comenzado a disfrutar de su patio renaturalizado, un espacio que, aunque inicialmente fue pensado para Secundaria, se ha convertido en un lugar compartido para todo el centro.<\/p>\n\n\n\n<p>El patio es fruto de un <strong>proceso colectivo sostenido<\/strong>, en el que profesorado, <strong>alumnado y familias han participado activamente en la definici\u00f3n del dise\u00f1o y los usos.<\/strong> Despu\u00e9s de casi cuatro a\u00f1os de trabajo \u2014 con ideas compartidas, b\u00fasqueda de recursos y ejecuci\u00f3n \u2014 hoy este espacio comienza a dar frutos.<\/p>\n\n\n\n<p>Las im\u00e1genes de estos d\u00edas lo explican mejor que cualquier palabra: ni\u00f1os plantando, dando clase en el exterior o jugando bajo la sombra de los \u00e1rboles. Escenas que hablan de otra manera de habitar la escuela.<\/p>\n\n\n\n<p>Y el proceso no se detiene. El centro ya proyecta una nueva fase que permitir\u00e1 ampliar la transformaci\u00f3n al patio de Primaria, haciendo crecer este modelo de espacio educativo m\u00e1s verde, inclusivo y resiliente.<\/p>\n\n\n\n<p><strong>Esta primavera, m\u00e1s que nunca, los patios nos recuerdan que aprender tambi\u00e9n sucede fuera<\/strong>.<\/p>\n\n\n\n<figure class=\"wp-block-gallery has-nested-images columns-3 is-cropped wp-block-gallery-1 is-layout-flex wp-block-gallery-is-layout-flex\">\n<figure class=\"wp-block-image size-thumbnail\"><img loading=\"lazy\" decoding=\"async\" width=\"300\" height=\"300\" data-id=\"13425\" src=\"https:\/\/thegreenballoon.org\/patisxclima\/wp-content\/uploads\/2026\/04\/260423_primavera-IE-Carles-Capdevila-12-300x300.jpeg\" alt=\"\" class=\"wp-image-13425\"\/><\/figure>\n\n\n\n<figure class=\"wp-block-image size-thumbnail\"><img loading=\"lazy\" decoding=\"async\" width=\"300\" height=\"300\" data-id=\"13423\" src=\"https:\/\/thegreenballoon.org\/patisxclima\/wp-content\/uploads\/2026\/04\/260423_primavera-IE-Carles-Capdevila-9-300x300.jpeg\" alt=\"\" class=\"wp-image-13423\"\/><\/figure>\n\n\n\n<figure class=\"wp-block-image size-thumbnail\"><img loading=\"lazy\" decoding=\"async\" width=\"300\" height=\"300\" data-id=\"13424\" src=\"https:\/\/thegreenballoon.org\/patisxclima\/wp-content\/uploads\/2026\/04\/260423_primavera-IE-Carles-Capdevila-11-300x300.jpeg\" alt=\"\" class=\"wp-image-13424\"\/><\/figure>\n\n\n\n<figure class=\"wp-block-image size-thumbnail\"><img loading=\"lazy\" decoding=\"async\" width=\"300\" height=\"300\" data-id=\"13420\" src=\"https:\/\/thegreenballoon.org\/patisxclima\/wp-content\/uploads\/2026\/04\/260423_primavera-IE-Carles-Capdevila-5-300x300.jpeg\" alt=\"\" class=\"wp-image-13420\"\/><\/figure>\n\n\n\n<figure class=\"wp-block-image size-thumbnail\"><img loading=\"lazy\" decoding=\"async\" width=\"300\" height=\"300\" data-id=\"13417\" src=\"https:\/\/thegreenballoon.org\/patisxclima\/wp-content\/uploads\/2026\/04\/260423_primavera-IE-Carles-Capdevila-2-300x300.jpeg\" alt=\"\" class=\"wp-image-13417\"\/><\/figure>\n\n\n\n<figure class=\"wp-block-image size-thumbnail\"><img loading=\"lazy\" decoding=\"async\" width=\"300\" height=\"300\" data-id=\"13416\" src=\"https:\/\/thegreenballoon.org\/patisxclima\/wp-content\/uploads\/2026\/04\/260423_primavera-IE-Carles-Capdevila-0-300x300.jpeg\" alt=\"\" class=\"wp-image-13416\"\/><\/figure>\n\n\n\n<figure class=\"wp-block-image size-thumbnail\"><img loading=\"lazy\" decoding=\"async\" width=\"300\" height=\"300\" data-id=\"13421\" src=\"https:\/\/thegreenballoon.org\/patisxclima\/wp-content\/uploads\/2026\/04\/260423_primavera-IE-Carles-Capdevila-7-300x300.jpeg\" alt=\"\" class=\"wp-image-13421\"\/><\/figure>\n\n\n\n<figure class=\"wp-block-image size-thumbnail\"><img loading=\"lazy\" decoding=\"async\" width=\"300\" height=\"300\" data-id=\"13422\" src=\"https:\/\/thegreenballoon.org\/patisxclima\/wp-content\/uploads\/2026\/04\/260423_primavera-IE-Carles-Capdevila-8-300x300.jpeg\" alt=\"\" class=\"wp-image-13422\"\/><\/figure>\n\n\n\n<figure class=\"wp-block-image size-thumbnail\"><img loading=\"lazy\" decoding=\"async\" width=\"300\" height=\"300\" data-id=\"13419\" src=\"https:\/\/thegreenballoon.org\/patisxclima\/wp-content\/uploads\/2026\/04\/260423_primavera-IE-Carles-Capdevila-4-300x300.jpeg\" alt=\"\" class=\"wp-image-13419\"\/><\/figure>\n\n\n\n<figure class=\"wp-block-image size-thumbnail\"><img loading=\"lazy\" decoding=\"async\" width=\"300\" height=\"300\" data-id=\"13418\" src=\"https:\/\/thegreenballoon.org\/patisxclima\/wp-content\/uploads\/2026\/04\/260423_primavera-IE-Carles-Capdevila-3-300x300.jpeg\" alt=\"\" class=\"wp-image-13418\"\/><\/figure>\n\n\n\n<figure class=\"wp-block-image size-thumbnail\"><img loading=\"lazy\" decoding=\"async\" width=\"300\" height=\"300\" data-id=\"13426\" src=\"https:\/\/thegreenballoon.org\/patisxclima\/wp-content\/uploads\/2026\/04\/260423_primavera-IE-Carles-Capdevila-13-300x300.jpeg\" alt=\"\" class=\"wp-image-13426\"\/><\/figure>\n<\/figure>\n","protected":false},"excerpt":{"rendered":"<p>Los patios renaturalizados ofrecen nuevas oportunidades educativas, ambientales y sociales. El proyecto del Instituto-Escuela Carles Capdevila muestra c\u00f3mo estos espacios pueden transformarse en entornos de aprendizaje m\u00e1s saludables, inclusivos y resilientes.<\/p>\n","protected":false},"author":15,"featured_media":13416,"comment_status":"closed","ping_status":"closed","sticky":false,"template":"","format":"standard","meta":{"footnotes":""},"categories":[233],"tags":[],"class_list":["post-13496","post","type-post","status-publish","format-standard","has-post-thumbnail","hentry","category-noticias","infinite-scroll-item","generate-columns","tablet-grid-50","mobile-grid-100","grid-parent","grid-25","no-featured-image-padding"],"_links":{"self":[{"href":"https:\/\/thegreenballoon.org\/patisxclima\/wp-json\/wp\/v2\/posts\/13496","targetHints":{"allow":["GET"]}}],"collection":[{"href":"https:\/\/thegreenballoon.org\/patisxclima\/wp-json\/wp\/v2\/posts"}],"about":[{"href":"https:\/\/thegreenballoon.org\/patisxclima\/wp-json\/wp\/v2\/types\/post"}],"author":[{"embeddable":true,"href":"https:\/\/thegreenballoon.org\/patisxclima\/wp-json\/wp\/v2\/users\/15"}],"replies":[{"embeddable":true,"href":"https:\/\/thegreenballoon.org\/patisxclima\/wp-json\/wp\/v2\/comments?post=13496"}],"version-history":[{"count":3,"href":"https:\/\/thegreenballoon.org\/patisxclima\/wp-json\/wp\/v2\/posts\/13496\/revisions"}],"predecessor-version":[{"id":13505,"href":"https:\/\/thegreenballoon.org\/patisxclima\/wp-json\/wp\/v2\/posts\/13496\/revisions\/13505"}],"wp:featuredmedia":[{"embeddable":true,"href":"https:\/\/thegreenballoon.org\/patisxclima\/wp-json\/wp\/v2\/media\/13416"}],"wp:attachment":[{"href":"https:\/\/thegreenballoon.org\/patisxclima\/wp-json\/wp\/v2\/media?parent=13496"}],"wp:term":[{"taxonomy":"category","embeddable":true,"href":"https:\/\/thegreenballoon.org\/patisxclima\/wp-json\/wp\/v2\/categories?post=13496"},{"taxonomy":"post_tag","embeddable":true,"href":"https:\/\/thegreenballoon.org\/patisxclima\/wp-json\/wp\/v2\/tags?post=13496"}],"curies":[{"name":"wp","href":"https:\/\/api.w.org\/{rel}","templated":true}]}}