{"id":13473,"date":"2026-04-30T11:09:23","date_gmt":"2026-04-30T09:09:23","guid":{"rendered":"https:\/\/thegreenballoon.org\/patisxclima\/?p=13473"},"modified":"2026-04-30T13:31:30","modified_gmt":"2026-04-30T11:31:30","slug":"adecuacion-del-instituto-escuela-de-balenya","status":"publish","type":"post","link":"https:\/\/thegreenballoon.org\/patisxclima\/proyectos\/adecuacion-del-instituto-escuela-de-balenya\/","title":{"rendered":"Adecuaci\u00f3n del Instituto-Escuela de Baleny\u00e0"},"content":{"rendered":"\n<div class=\"wp-block-cover is-light\"><img loading=\"lazy\" decoding=\"async\" width=\"1024\" height=\"768\" class=\"wp-block-cover__image-background wp-image-13463 size-large\" alt=\"\" src=\"https:\/\/thegreenballoon.org\/patisxclima\/wp-content\/uploads\/2026\/04\/260423_u-primavera-IE-Carles-Capdevila-7-1024x768.jpeg\" style=\"object-position:52% 61%\" data-object-fit=\"cover\" data-object-position=\"52% 61%\" srcset=\"https:\/\/thegreenballoon.org\/patisxclima\/wp-content\/uploads\/2026\/04\/260423_u-primavera-IE-Carles-Capdevila-7-1024x768.jpeg 1024w, https:\/\/thegreenballoon.org\/patisxclima\/wp-content\/uploads\/2026\/04\/260423_u-primavera-IE-Carles-Capdevila-7-300x225.jpeg 300w, https:\/\/thegreenballoon.org\/patisxclima\/wp-content\/uploads\/2026\/04\/260423_u-primavera-IE-Carles-Capdevila-7-768x576.jpeg 768w, https:\/\/thegreenballoon.org\/patisxclima\/wp-content\/uploads\/2026\/04\/260423_u-primavera-IE-Carles-Capdevila-7-1536x1152.jpeg 1536w, https:\/\/thegreenballoon.org\/patisxclima\/wp-content\/uploads\/2026\/04\/260423_u-primavera-IE-Carles-Capdevila-7.jpeg 1600w\" sizes=\"auto, (max-width: 1024px) 100vw, 1024px\" \/><span aria-hidden=\"true\" class=\"wp-block-cover__background has-background-dim-0 has-background-dim\" style=\"background-color:#928d87\"><\/span><div class=\"wp-block-cover__inner-container is-layout-flow wp-block-cover-is-layout-flow\">\n<p class=\"has-text-align-center has-large-font-size\"><\/p>\n<\/div><\/div>\n\n\n\n<p><br><em>Lugar<\/em> IE Carles Capdevila de Hostalets de Baleny\u00e0<br><em>Dirigido a<\/em> la comunidad educativa<br><em>Colaboradora<\/em> Jelena Grujic<br><em><em>Redactores<\/em><\/em> arquitectos de El Globus Verd<\/p>\n\n\n\n<p>El <strong>Instituto-Escuela Carles Capdevila<\/strong> es un centro educativo que integra las etapas de educaci\u00f3n infantil, primaria y secundaria, y constituye <strong>el \u00fanico centro de educaci\u00f3n obligatoria del municipio de Baleny\u00e0<\/strong>. Esta singularidad refuerza su papel como espacio de referencia comunitaria, caracterizado por la diversidad de las familias y una estrecha vinculaci\u00f3n con el entorno social y cultural del pueblo.<\/p>\n\n\n\n<p>El centro ha experimentado diversas ampliaciones a lo largo del tiempo. El actual edificio de educaci\u00f3n infantil se construy\u00f3 en el curso 1986-1987, mientras que en el a\u00f1o 2021 se incorpor\u00f3 un nuevo edificio destinado a educaci\u00f3n primaria. Actualmente, el conjunto escolar est\u00e1 formado por<strong> tres edificios correspondientes a las diferentes etapas educativas<\/strong>, conectados entre s\u00ed mediante un sistema de porches y una pista cubierta.<\/p>\n\n\n\n<p>El recinto escolar dispone de una superficie amplia, donde los espacios exteriores no solo cumplen una funci\u00f3n de recreo, sino que tambi\u00e9n se conciben como espacios educativos. El centro desarrolla una <strong>propuesta pedag\u00f3gica basada en metodolog\u00edas activas<\/strong>, con especial \u00e9nfasis en l<strong>a experimentaci\u00f3n<\/strong> (particularmente en educaci\u00f3n infantil), as\u00ed como en la <strong>sensibilizaci\u00f3n art\u00edstica<\/strong>,<strong> la lectura, las din\u00e1micas de grupo y las actividades al aire libre.<\/strong><\/p>\n\n\n\n<p><strong><em>Renaturalizaci\u00f3n de los espacios exteriores<\/em><\/strong><br>El proyecto prev\u00e9 diversas intervenciones con el objetivo de transformar el actual espacio de recreo en <strong>un nuevo entorno de aprendizaje renaturalizado<\/strong>, coherente con el proyecto educativo del centro. Al mismo tiempo, se tiene en cuenta el uso existente del espacio p\u00fablico en el municipio, con la voluntad de <strong>abrir el patio a la ciudadan\u00eda fuera del horario escolar<\/strong>.<br>Se plantea as\u00ed un espacio de coaprendizaje social y ecol\u00f3gico, abierto a una ciudadan\u00eda diversa, que contribuya a <strong>la transformaci\u00f3n urbana frente a los efectos del cambio clim\u00e1tico<\/strong>. En este sentido, el proyecto incorpora soluciones clave de adaptaci\u00f3n y mitigaci\u00f3n, como:<\/p>\n\n\n\n<ul class=\"wp-block-list\">\n<li>El incremento de la cobertura vegetal en diferentes estratos para favorecer la biodiversidad.<\/li>\n\n\n\n<li>La gesti\u00f3n del agua mediante la recogida y almacenamiento de aguas pluviales.<\/li>\n\n\n\n<li>La implementaci\u00f3n de sistemas urbanos de drenaje sostenible (SUDS).<\/li>\n\n\n\n<li>La recuperaci\u00f3n y ampliaci\u00f3n de superficies permeables para favorecer la infiltraci\u00f3n y reducir el riesgo de escorrent\u00edas torrenciales.<\/li>\n<\/ul>\n\n\n\n<p><em><strong>Zonificaci\u00f3n de los espacios exteriores<\/strong><\/em><br>La propuesta plantea la transformaci\u00f3n integral de los espacios exteriores del centro a partir de una estrategia de renaturalizaci\u00f3n estructurada en 10 zonas de actuaci\u00f3n, cada una con identidad propia pero interconectada dentro de un sistema coherente de espacios educativos.<\/p>\n\n\n\n<p>Las zonas definidas son:<\/p>\n\n\n\n<ul class=\"wp-block-list\">\n<li><strong>Zona de jard\u00edn y bosque:<\/strong> principal \u00e1mbito de naturalizaci\u00f3n, con plantaci\u00f3n de arbolado y creaci\u00f3n de subespacios para juego, estancia y actividades educativas.<\/li>\n\n\n\n<li><strong>Franja posterior de primaria:<\/strong> espacio lineal que se transforma con pavimentos permeables, arbolado y \u00e1reas de aula exterior.<\/li>\n\n\n\n<li><strong>Isla de jard\u00edn comestible y huerto:<\/strong> \u00e1mbito productivo vinculado al aprendizaje, organizado en terrazas y conectado con la biblioteca.<\/li>\n\n\n\n<li><strong>Porches de infantil y primaria:<\/strong> adaptaci\u00f3n como espacios de estancia y extensi\u00f3n del aula con nuevo mobiliario.<\/li>\n\n\n\n<li><strong>\u00c1gora central:<\/strong> espacio de encuentro y actividades colectivas, con gradas, sombra y zonas de estancia.<\/li>\n\n\n\n<li><strong>Zona central de acogida:<\/strong> n\u00facleo del patio, con incremento de vegetaci\u00f3n, juegos naturalizados y elementos de agua.<\/li>\n\n\n\n<li><strong>Patio de secundaria:<\/strong> gran superficie polivalente con subzonas diferenciadas para estancia, actividad f\u00edsica y aula exterior.<\/li>\n\n\n\n<li><strong>Pista cubierta:<\/strong> espacio deportivo flexibilizado con nuevo mobiliario y mejora de la relaci\u00f3n con el entorno.<\/li>\n\n\n\n<li><strong>Jard\u00edn bot\u00e1nico y huerto:<\/strong> \u00e1mbito de naturalizaci\u00f3n y aprendizaje ambiental con vegetaci\u00f3n arom\u00e1tica y espacios de trabajo.<\/li>\n\n\n\n<li><strong>Patio de infantil:<\/strong> espacio protegido con nuevos elementos de juego, arenero y zonas de estancia adaptadas.<\/li>\n<\/ul>\n\n\n\n<p><strong><em>Proceso participativo<\/em><\/strong><br><strong>La comisi\u00f3n de patio del IE Carles Capdevila<\/strong> impuls\u00f3 el proceso de<strong> reflexi\u00f3n sobre el estado inicial y el potencial de los espacios exteriores del centro<\/strong>. Con la voluntad de aprovechar esta gran superficie como <strong>oportunidad pedag\u00f3gica<\/strong>, el centro contacta con El Globus Verd para iniciar <strong>un proceso participativo de redise\u00f1o<\/strong>. Este proceso ha permitido la <strong>co-creaci\u00f3n<\/strong> del proyecto a partir de la recogida de intenciones, necesidades y deseos de toda la comunidad educativa.<\/p>\n\n\n\n<p><strong><em>Fase I: Patio de secundaria (enero 2026)<\/em><\/strong><br>En esta primera fase, centrada en el patio de secundaria, se desarrollan <strong>las l\u00edneas generales del proyecto de renaturalizaci\u00f3n<\/strong>, con la voluntad de crear <strong>un espacio educativo abierto y resiliente<\/strong>.<br>Adem\u00e1s de las estrategias ambientales ya descritas, el proyecto incorpora demandas espec\u00edficas de la comunidad. En este sentido, el Consejo de Infancia del municipio expres\u00f3<strong> el inter\u00e9s por disponer de espacios de estancia, encuentro y escenario, as\u00ed como un espacio de calistenia de uso libre<\/strong>. La propuesta integra esta demanda mediante la creaci\u00f3n de <strong>\u00e1reas equipadas con mobiliario adecuado para la estancia o para ejercicios de calentamiento muscular, actividades motrices, juego con pelota o representaciones teatrales<\/strong>.<\/p>\n\n\n\n<p>Paralelamente, se refuerza la presencia de vegetaci\u00f3n y se mejoran las condiciones ambientales del patio, generando <strong>un conjunto de espacios diversos, inclusivos y adaptados tanto a la actividad educativa como al uso comunitario<\/strong>.<br><br><strong>\u00a1<em>Seguimos trabajando para hacer realidad las pr\u00f3ximas fases del proyecto<\/em>!<\/strong><br><br><strong><em>+ <\/em><\/strong>Im\u00e1genes de la ejecuci\u00f3n de las obras<br><\/p>\n\n\n\n<figure class=\"wp-block-gallery has-nested-images columns-4 is-cropped wp-block-gallery-1 is-layout-flex wp-block-gallery-is-layout-flex\">\n<figure class=\"wp-block-image size-thumbnail\"><a href=\"https:\/\/thegreenballoon.org\/patisxclima\/wp-content\/uploads\/2026\/04\/260423_IE-the-green-balloon-4.jpg\"><img loading=\"lazy\" decoding=\"async\" width=\"300\" height=\"300\" data-id=\"13443\" src=\"https:\/\/thegreenballoon.org\/patisxclima\/wp-content\/uploads\/2026\/04\/260423_IE-the-green-balloon-4-300x300.jpg\" alt=\"\" class=\"wp-image-13443\"\/><\/a><\/figure>\n\n\n\n<figure class=\"wp-block-image size-thumbnail\"><a href=\"https:\/\/thegreenballoon.org\/patisxclima\/wp-content\/uploads\/2026\/04\/260423_IE-the-green-balloon-2.jpg\"><img loading=\"lazy\" decoding=\"async\" width=\"300\" height=\"300\" data-id=\"13439\" src=\"https:\/\/thegreenballoon.org\/patisxclima\/wp-content\/uploads\/2026\/04\/260423_IE-the-green-balloon-2-300x300.jpg\" alt=\"\" class=\"wp-image-13439\"\/><\/a><\/figure>\n\n\n\n<figure class=\"wp-block-image size-thumbnail\"><a href=\"https:\/\/thegreenballoon.org\/patisxclima\/wp-content\/uploads\/2026\/04\/260423_IE-the-green-balloon-3.jpg\"><img loading=\"lazy\" decoding=\"async\" width=\"300\" height=\"300\" data-id=\"13441\" src=\"https:\/\/thegreenballoon.org\/patisxclima\/wp-content\/uploads\/2026\/04\/260423_IE-the-green-balloon-3-300x300.jpg\" alt=\"\" class=\"wp-image-13441\"\/><\/a><\/figure>\n\n\n\n<figure class=\"wp-block-image size-thumbnail\"><a href=\"https:\/\/thegreenballoon.org\/patisxclima\/wp-content\/uploads\/2026\/04\/260423_IE-the-green-balloon-1.jpg\"><img loading=\"lazy\" decoding=\"async\" width=\"300\" height=\"300\" data-id=\"13437\" src=\"https:\/\/thegreenballoon.org\/patisxclima\/wp-content\/uploads\/2026\/04\/260423_IE-the-green-balloon-1-300x300.jpg\" alt=\"\" class=\"wp-image-13437\"\/><\/a><\/figure>\n\n\n\n<figure class=\"wp-block-image size-thumbnail\"><a href=\"https:\/\/thegreenballoon.org\/patisxclima\/wp-content\/uploads\/2026\/04\/260423_IE-the-green-balloon-3.jpeg\"><img loading=\"lazy\" decoding=\"async\" width=\"300\" height=\"300\" data-id=\"13440\" src=\"https:\/\/thegreenballoon.org\/patisxclima\/wp-content\/uploads\/2026\/04\/260423_IE-the-green-balloon-3-300x300.jpeg\" alt=\"\" class=\"wp-image-13440\"\/><\/a><\/figure>\n\n\n\n<figure class=\"wp-block-image size-thumbnail\"><a href=\"https:\/\/thegreenballoon.org\/patisxclima\/wp-content\/uploads\/2026\/04\/260423_IE-the-green-balloon-2.jpeg\"><img loading=\"lazy\" decoding=\"async\" width=\"300\" height=\"300\" data-id=\"13438\" src=\"https:\/\/thegreenballoon.org\/patisxclima\/wp-content\/uploads\/2026\/04\/260423_IE-the-green-balloon-2-300x300.jpeg\" alt=\"\" class=\"wp-image-13438\"\/><\/a><\/figure>\n\n\n\n<figure class=\"wp-block-image size-thumbnail\"><a href=\"https:\/\/thegreenballoon.org\/patisxclima\/wp-content\/uploads\/2026\/04\/260423_IE-the-green-balloon-4.jpeg\"><img loading=\"lazy\" decoding=\"async\" width=\"300\" height=\"300\" data-id=\"13442\" src=\"https:\/\/thegreenballoon.org\/patisxclima\/wp-content\/uploads\/2026\/04\/260423_IE-the-green-balloon-4-300x300.jpeg\" alt=\"\" class=\"wp-image-13442\"\/><\/a><\/figure>\n\n\n\n<figure class=\"wp-block-image size-thumbnail\"><a href=\"https:\/\/thegreenballoon.org\/patisxclima\/wp-content\/uploads\/2026\/04\/260423_IE-the-green-balloon-5.jpeg\"><img loading=\"lazy\" decoding=\"async\" width=\"300\" height=\"300\" data-id=\"13444\" src=\"https:\/\/thegreenballoon.org\/patisxclima\/wp-content\/uploads\/2026\/04\/260423_IE-the-green-balloon-5-300x300.jpeg\" alt=\"\" class=\"wp-image-13444\"\/><\/a><\/figure>\n\n\n\n<figure class=\"wp-block-image size-thumbnail\"><a href=\"https:\/\/thegreenballoon.org\/patisxclima\/wp-content\/uploads\/2026\/04\/260423_IE-the-green-balloon-8.jpeg\"><img loading=\"lazy\" decoding=\"async\" width=\"300\" height=\"300\" data-id=\"13447\" src=\"https:\/\/thegreenballoon.org\/patisxclima\/wp-content\/uploads\/2026\/04\/260423_IE-the-green-balloon-8-300x300.jpeg\" alt=\"\" class=\"wp-image-13447\"\/><\/a><\/figure>\n\n\n\n<figure class=\"wp-block-image size-thumbnail\"><a href=\"https:\/\/thegreenballoon.org\/patisxclima\/wp-content\/uploads\/2026\/04\/260423_IE-the-green-balloon-6.jpeg\"><img loading=\"lazy\" decoding=\"async\" width=\"300\" height=\"300\" data-id=\"13445\" src=\"https:\/\/thegreenballoon.org\/patisxclima\/wp-content\/uploads\/2026\/04\/260423_IE-the-green-balloon-6-300x300.jpeg\" alt=\"\" class=\"wp-image-13445\"\/><\/a><\/figure>\n\n\n\n<figure class=\"wp-block-image size-thumbnail\"><a href=\"https:\/\/thegreenballoon.org\/patisxclima\/wp-content\/uploads\/2026\/04\/260423_IE-the-green-balloon-9.jpeg\"><img loading=\"lazy\" decoding=\"async\" width=\"300\" height=\"300\" data-id=\"13448\" src=\"https:\/\/thegreenballoon.org\/patisxclima\/wp-content\/uploads\/2026\/04\/260423_IE-the-green-balloon-9-300x300.jpeg\" alt=\"\" class=\"wp-image-13448\"\/><\/a><\/figure>\n\n\n\n<figure class=\"wp-block-image size-thumbnail\"><a href=\"https:\/\/thegreenballoon.org\/patisxclima\/wp-content\/uploads\/2026\/04\/260423_IE-the-green-balloon-10.jpeg\"><img loading=\"lazy\" decoding=\"async\" width=\"300\" height=\"300\" data-id=\"13449\" src=\"https:\/\/thegreenballoon.org\/patisxclima\/wp-content\/uploads\/2026\/04\/260423_IE-the-green-balloon-10-300x300.jpeg\" alt=\"\" class=\"wp-image-13449\"\/><\/a><\/figure>\n\n\n\n<figure class=\"wp-block-image size-thumbnail\"><a href=\"https:\/\/thegreenballoon.org\/patisxclima\/wp-content\/uploads\/2026\/04\/260423_IE-the-green-balloon-11.jpeg\"><img loading=\"lazy\" decoding=\"async\" width=\"300\" height=\"300\" data-id=\"13450\" src=\"https:\/\/thegreenballoon.org\/patisxclima\/wp-content\/uploads\/2026\/04\/260423_IE-the-green-balloon-11-300x300.jpeg\" alt=\"\" class=\"wp-image-13450\"\/><\/a><\/figure>\n\n\n\n<figure class=\"wp-block-image size-thumbnail\"><a href=\"https:\/\/thegreenballoon.org\/patisxclima\/wp-content\/uploads\/2026\/04\/260423_IE-the-green-balloon-13.jpeg\"><img loading=\"lazy\" decoding=\"async\" width=\"300\" height=\"300\" data-id=\"13452\" src=\"https:\/\/thegreenballoon.org\/patisxclima\/wp-content\/uploads\/2026\/04\/260423_IE-the-green-balloon-13-300x300.jpeg\" alt=\"\" class=\"wp-image-13452\"\/><\/a><\/figure>\n\n\n\n<figure class=\"wp-block-image size-thumbnail\"><a href=\"https:\/\/thegreenballoon.org\/patisxclima\/wp-content\/uploads\/2026\/04\/260423_IE-the-green-balloon-12.jpeg\"><img loading=\"lazy\" decoding=\"async\" width=\"300\" height=\"300\" data-id=\"13451\" src=\"https:\/\/thegreenballoon.org\/patisxclima\/wp-content\/uploads\/2026\/04\/260423_IE-the-green-balloon-12-300x300.jpeg\" alt=\"\" class=\"wp-image-13451\"\/><\/a><\/figure>\n\n\n\n<figure class=\"wp-block-image size-thumbnail\"><a href=\"https:\/\/thegreenballoon.org\/patisxclima\/wp-content\/uploads\/2026\/04\/260423_IE-the-green-balloon-7.jpeg\"><img loading=\"lazy\" decoding=\"async\" width=\"300\" height=\"300\" data-id=\"13446\" src=\"https:\/\/thegreenballoon.org\/patisxclima\/wp-content\/uploads\/2026\/04\/260423_IE-the-green-balloon-7-300x300.jpeg\" alt=\"\" class=\"wp-image-13446\"\/><\/a><\/figure>\n\n\n\n<figure class=\"wp-block-image size-thumbnail\"><a href=\"https:\/\/thegreenballoon.org\/patisxclima\/wp-content\/uploads\/2026\/04\/260423_IE-the-green-balloon-14.jpeg\"><img loading=\"lazy\" decoding=\"async\" width=\"300\" height=\"300\" data-id=\"13453\" src=\"https:\/\/thegreenballoon.org\/patisxclima\/wp-content\/uploads\/2026\/04\/260423_IE-the-green-balloon-14-300x300.jpeg\" alt=\"\" class=\"wp-image-13453\"\/><\/a><\/figure>\n\n\n\n<figure class=\"wp-block-image size-thumbnail\"><a href=\"https:\/\/thegreenballoon.org\/patisxclima\/wp-content\/uploads\/2026\/04\/260423_IE-the-green-balloon-22.jpeg\"><img loading=\"lazy\" decoding=\"async\" width=\"300\" height=\"300\" data-id=\"13435\" src=\"https:\/\/thegreenballoon.org\/patisxclima\/wp-content\/uploads\/2026\/04\/260423_IE-the-green-balloon-22-300x300.jpeg\" alt=\"\" class=\"wp-image-13435\"\/><\/a><\/figure>\n\n\n\n<figure class=\"wp-block-image size-thumbnail\"><a href=\"https:\/\/thegreenballoon.org\/patisxclima\/wp-content\/uploads\/2026\/04\/260423_IE-the-green-balloon-20-1.jpeg\"><img loading=\"lazy\" decoding=\"async\" width=\"300\" height=\"300\" data-id=\"13459\" src=\"https:\/\/thegreenballoon.org\/patisxclima\/wp-content\/uploads\/2026\/04\/260423_IE-the-green-balloon-20-1-300x300.jpeg\" alt=\"\" class=\"wp-image-13459\"\/><\/a><\/figure>\n\n\n\n<figure class=\"wp-block-image size-thumbnail\"><a href=\"https:\/\/thegreenballoon.org\/patisxclima\/wp-content\/uploads\/2026\/04\/260423_IE-the-green-balloon-19-1.jpeg\"><img loading=\"lazy\" decoding=\"async\" width=\"300\" height=\"300\" data-id=\"13458\" src=\"https:\/\/thegreenballoon.org\/patisxclima\/wp-content\/uploads\/2026\/04\/260423_IE-the-green-balloon-19-1-300x300.jpeg\" alt=\"\" class=\"wp-image-13458\"\/><\/a><\/figure>\n\n\n\n<figure class=\"wp-block-image size-thumbnail\"><a href=\"https:\/\/thegreenballoon.org\/patisxclima\/wp-content\/uploads\/2026\/04\/260423_IE-the-green-balloon-21.jpeg\"><img loading=\"lazy\" decoding=\"async\" width=\"300\" height=\"300\" data-id=\"13434\" src=\"https:\/\/thegreenballoon.org\/patisxclima\/wp-content\/uploads\/2026\/04\/260423_IE-the-green-balloon-21-300x300.jpeg\" alt=\"\" class=\"wp-image-13434\"\/><\/a><\/figure>\n\n\n\n<figure class=\"wp-block-image size-thumbnail\"><a href=\"https:\/\/thegreenballoon.org\/patisxclima\/wp-content\/uploads\/2026\/04\/260423_IE-the-green-balloon-18.jpeg\"><img loading=\"lazy\" decoding=\"async\" width=\"300\" height=\"300\" data-id=\"13457\" src=\"https:\/\/thegreenballoon.org\/patisxclima\/wp-content\/uploads\/2026\/04\/260423_IE-the-green-balloon-18-300x300.jpeg\" alt=\"\" class=\"wp-image-13457\"\/><\/a><\/figure>\n\n\n\n<figure class=\"wp-block-image size-thumbnail\"><a href=\"https:\/\/thegreenballoon.org\/patisxclima\/wp-content\/uploads\/2026\/04\/260423_IE-the-green-balloon-15.jpeg\"><img loading=\"lazy\" decoding=\"async\" width=\"300\" height=\"300\" data-id=\"13454\" src=\"https:\/\/thegreenballoon.org\/patisxclima\/wp-content\/uploads\/2026\/04\/260423_IE-the-green-balloon-15-300x300.jpeg\" alt=\"\" class=\"wp-image-13454\"\/><\/a><\/figure>\n\n\n\n<figure class=\"wp-block-image size-thumbnail\"><a href=\"https:\/\/thegreenballoon.org\/patisxclima\/wp-content\/uploads\/2026\/04\/260423_IE-the-green-balloon-17.jpeg\"><img loading=\"lazy\" decoding=\"async\" width=\"300\" height=\"300\" data-id=\"13456\" src=\"https:\/\/thegreenballoon.org\/patisxclima\/wp-content\/uploads\/2026\/04\/260423_IE-the-green-balloon-17-300x300.jpeg\" alt=\"\" class=\"wp-image-13456\"\/><\/a><\/figure>\n\n\n\n<figure class=\"wp-block-image size-thumbnail\"><a href=\"https:\/\/thegreenballoon.org\/patisxclima\/wp-content\/uploads\/2026\/04\/260423_IE-the-green-balloon-16.jpeg\"><img loading=\"lazy\" decoding=\"async\" width=\"300\" height=\"300\" data-id=\"13455\" src=\"https:\/\/thegreenballoon.org\/patisxclima\/wp-content\/uploads\/2026\/04\/260423_IE-the-green-balloon-16-300x300.jpeg\" alt=\"\" class=\"wp-image-13455\"\/><\/a><\/figure>\n\n\n\n<figure class=\"wp-block-image size-thumbnail\"><a href=\"https:\/\/thegreenballoon.org\/patisxclima\/wp-content\/uploads\/2026\/04\/260423_u-primavera-IE-Carles-Capdevila-0-rotated.jpeg\"><img loading=\"lazy\" decoding=\"async\" width=\"300\" height=\"300\" data-id=\"13436\" src=\"https:\/\/thegreenballoon.org\/patisxclima\/wp-content\/uploads\/2026\/04\/260423_u-primavera-IE-Carles-Capdevila-0-300x300.jpeg\" alt=\"\" class=\"wp-image-13436\"\/><\/a><\/figure>\n<\/figure>\n\n\n\n<p><strong><em>+ <\/em><\/strong>Im\u00e1genes del patio de secundaria en uso<\/p>\n\n\n\n<figure class=\"wp-block-gallery has-nested-images columns-4 is-cropped wp-block-gallery-2 is-layout-flex wp-block-gallery-is-layout-flex\">\n<figure class=\"wp-block-image size-thumbnail\"><a href=\"https:\/\/thegreenballoon.org\/patisxclima\/wp-content\/uploads\/2026\/04\/260423_primavera-IE-Carles-Capdevila-13-rotated.jpeg\"><img loading=\"lazy\" decoding=\"async\" width=\"300\" height=\"300\" data-id=\"13426\" src=\"https:\/\/thegreenballoon.org\/patisxclima\/wp-content\/uploads\/2026\/04\/260423_primavera-IE-Carles-Capdevila-13-300x300.jpeg\" alt=\"\" class=\"wp-image-13426\"\/><\/a><\/figure>\n\n\n\n<figure class=\"wp-block-image size-thumbnail\"><a href=\"https:\/\/thegreenballoon.org\/patisxclima\/wp-content\/uploads\/2026\/04\/260423_primavera-IE-Carles-Capdevila-12.jpeg\"><img loading=\"lazy\" decoding=\"async\" width=\"300\" height=\"300\" data-id=\"13425\" src=\"https:\/\/thegreenballoon.org\/patisxclima\/wp-content\/uploads\/2026\/04\/260423_primavera-IE-Carles-Capdevila-12-300x300.jpeg\" alt=\"\" class=\"wp-image-13425\"\/><\/a><\/figure>\n\n\n\n<figure class=\"wp-block-image size-thumbnail\"><a href=\"https:\/\/thegreenballoon.org\/patisxclima\/wp-content\/uploads\/2026\/04\/260423_primavera-IE-Carles-Capdevila-11.jpeg\"><img loading=\"lazy\" decoding=\"async\" width=\"300\" height=\"300\" data-id=\"13424\" src=\"https:\/\/thegreenballoon.org\/patisxclima\/wp-content\/uploads\/2026\/04\/260423_primavera-IE-Carles-Capdevila-11-300x300.jpeg\" alt=\"\" class=\"wp-image-13424\"\/><\/a><\/figure>\n\n\n\n<figure class=\"wp-block-image size-thumbnail\"><a href=\"https:\/\/thegreenballoon.org\/patisxclima\/wp-content\/uploads\/2026\/04\/260423_primavera-IE-Carles-Capdevila-9.jpeg\"><img loading=\"lazy\" decoding=\"async\" width=\"300\" height=\"300\" data-id=\"13423\" src=\"https:\/\/thegreenballoon.org\/patisxclima\/wp-content\/uploads\/2026\/04\/260423_primavera-IE-Carles-Capdevila-9-300x300.jpeg\" alt=\"\" class=\"wp-image-13423\"\/><\/a><\/figure>\n\n\n\n<figure class=\"wp-block-image size-thumbnail\"><a href=\"https:\/\/thegreenballoon.org\/patisxclima\/wp-content\/uploads\/2026\/04\/260423_primavera-IE-Carles-Capdevila-8.jpeg\"><img loading=\"lazy\" decoding=\"async\" width=\"300\" height=\"300\" data-id=\"13422\" src=\"https:\/\/thegreenballoon.org\/patisxclima\/wp-content\/uploads\/2026\/04\/260423_primavera-IE-Carles-Capdevila-8-300x300.jpeg\" alt=\"\" class=\"wp-image-13422\"\/><\/a><\/figure>\n\n\n\n<figure class=\"wp-block-image size-thumbnail\"><a href=\"https:\/\/thegreenballoon.org\/patisxclima\/wp-content\/uploads\/2026\/04\/260423_primavera-IE-Carles-Capdevila-7.jpeg\"><img loading=\"lazy\" decoding=\"async\" width=\"300\" height=\"300\" data-id=\"13421\" src=\"https:\/\/thegreenballoon.org\/patisxclima\/wp-content\/uploads\/2026\/04\/260423_primavera-IE-Carles-Capdevila-7-300x300.jpeg\" alt=\"\" class=\"wp-image-13421\"\/><\/a><\/figure>\n\n\n\n<figure class=\"wp-block-image size-thumbnail\"><a href=\"https:\/\/thegreenballoon.org\/patisxclima\/wp-content\/uploads\/2026\/04\/260423_primavera-IE-Carles-Capdevila-5.jpeg\"><img loading=\"lazy\" decoding=\"async\" width=\"300\" height=\"300\" data-id=\"13420\" src=\"https:\/\/thegreenballoon.org\/patisxclima\/wp-content\/uploads\/2026\/04\/260423_primavera-IE-Carles-Capdevila-5-300x300.jpeg\" alt=\"\" class=\"wp-image-13420\"\/><\/a><\/figure>\n\n\n\n<figure class=\"wp-block-image size-thumbnail\"><a href=\"https:\/\/thegreenballoon.org\/patisxclima\/wp-content\/uploads\/2026\/04\/260423_primavera-IE-Carles-Capdevila-4.jpeg\"><img loading=\"lazy\" decoding=\"async\" width=\"300\" height=\"300\" data-id=\"13419\" src=\"https:\/\/thegreenballoon.org\/patisxclima\/wp-content\/uploads\/2026\/04\/260423_primavera-IE-Carles-Capdevila-4-300x300.jpeg\" alt=\"\" class=\"wp-image-13419\"\/><\/a><\/figure>\n\n\n\n<figure class=\"wp-block-image size-thumbnail\"><a href=\"https:\/\/thegreenballoon.org\/patisxclima\/wp-content\/uploads\/2026\/04\/260423_primavera-IE-Carles-Capdevila-3.jpeg\"><img loading=\"lazy\" decoding=\"async\" width=\"300\" height=\"300\" data-id=\"13418\" src=\"https:\/\/thegreenballoon.org\/patisxclima\/wp-content\/uploads\/2026\/04\/260423_primavera-IE-Carles-Capdevila-3-300x300.jpeg\" alt=\"\" class=\"wp-image-13418\"\/><\/a><\/figure>\n\n\n\n<figure class=\"wp-block-image size-thumbnail\"><a href=\"https:\/\/thegreenballoon.org\/patisxclima\/wp-content\/uploads\/2026\/04\/260423_primavera-IE-Carles-Capdevila-2.jpeg\"><img loading=\"lazy\" decoding=\"async\" width=\"300\" height=\"300\" data-id=\"13417\" src=\"https:\/\/thegreenballoon.org\/patisxclima\/wp-content\/uploads\/2026\/04\/260423_primavera-IE-Carles-Capdevila-2-300x300.jpeg\" alt=\"\" class=\"wp-image-13417\"\/><\/a><\/figure>\n\n\n\n<figure class=\"wp-block-image size-thumbnail\"><a href=\"https:\/\/thegreenballoon.org\/patisxclima\/wp-content\/uploads\/2026\/04\/260423_primavera-IE-Carles-Capdevila-0.jpeg\"><img loading=\"lazy\" decoding=\"async\" width=\"300\" height=\"300\" data-id=\"13416\" src=\"https:\/\/thegreenballoon.org\/patisxclima\/wp-content\/uploads\/2026\/04\/260423_primavera-IE-Carles-Capdevila-0-300x300.jpeg\" alt=\"\" class=\"wp-image-13416\"\/><\/a><\/figure>\n<\/figure>\n","protected":false},"excerpt":{"rendered":"<p>El proyecto prev\u00e9 diversas intervenciones con el objetivo de transformar el actual espacio de recreo en un nuevo entorno de aprendizaje renaturalizado<\/p>\n","protected":false},"author":15,"featured_media":13422,"comment_status":"closed","ping_status":"closed","sticky":false,"template":"","format":"standard","meta":{"footnotes":""},"categories":[1,212],"tags":[],"class_list":["post-13473","post","type-post","status-publish","format-standard","has-post-thumbnail","hentry","category-patiosxclima","category-proyectos","infinite-scroll-item","generate-columns","tablet-grid-50","mobile-grid-100","grid-parent","grid-25","no-featured-image-padding"],"_links":{"self":[{"href":"https:\/\/thegreenballoon.org\/patisxclima\/wp-json\/wp\/v2\/posts\/13473","targetHints":{"allow":["GET"]}}],"collection":[{"href":"https:\/\/thegreenballoon.org\/patisxclima\/wp-json\/wp\/v2\/posts"}],"about":[{"href":"https:\/\/thegreenballoon.org\/patisxclima\/wp-json\/wp\/v2\/types\/post"}],"author":[{"embeddable":true,"href":"https:\/\/thegreenballoon.org\/patisxclima\/wp-json\/wp\/v2\/users\/15"}],"replies":[{"embeddable":true,"href":"https:\/\/thegreenballoon.org\/patisxclima\/wp-json\/wp\/v2\/comments?post=13473"}],"version-history":[{"count":5,"href":"https:\/\/thegreenballoon.org\/patisxclima\/wp-json\/wp\/v2\/posts\/13473\/revisions"}],"predecessor-version":[{"id":13510,"href":"https:\/\/thegreenballoon.org\/patisxclima\/wp-json\/wp\/v2\/posts\/13473\/revisions\/13510"}],"wp:featuredmedia":[{"embeddable":true,"href":"https:\/\/thegreenballoon.org\/patisxclima\/wp-json\/wp\/v2\/media\/13422"}],"wp:attachment":[{"href":"https:\/\/thegreenballoon.org\/patisxclima\/wp-json\/wp\/v2\/media?parent=13473"}],"wp:term":[{"taxonomy":"category","embeddable":true,"href":"https:\/\/thegreenballoon.org\/patisxclima\/wp-json\/wp\/v2\/categories?post=13473"},{"taxonomy":"post_tag","embeddable":true,"href":"https:\/\/thegreenballoon.org\/patisxclima\/wp-json\/wp\/v2\/tags?post=13473"}],"curies":[{"name":"wp","href":"https:\/\/api.w.org\/{rel}","templated":true}]}}