{"id":13432,"date":"2026-04-30T11:09:23","date_gmt":"2026-04-30T09:09:23","guid":{"rendered":"https:\/\/thegreenballoon.org\/patisxclima\/?p=13432"},"modified":"2026-04-30T13:31:17","modified_gmt":"2026-04-30T11:31:17","slug":"adequacio-de-linstitut-escola-de-balenya","status":"publish","type":"post","link":"https:\/\/thegreenballoon.org\/patisxclima\/projectes\/adequacio-de-linstitut-escola-de-balenya\/","title":{"rendered":"Adequaci\u00f3 de l&#8217;Institut-Escola de Baleny\u00e0"},"content":{"rendered":"\n<div class=\"wp-block-cover is-light\"><img loading=\"lazy\" decoding=\"async\" width=\"1024\" height=\"768\" class=\"wp-block-cover__image-background wp-image-13463 size-large\" alt=\"\" src=\"https:\/\/thegreenballoon.org\/patisxclima\/wp-content\/uploads\/2026\/04\/260423_u-primavera-IE-Carles-Capdevila-7-1024x768.jpeg\" style=\"object-position:52% 61%\" data-object-fit=\"cover\" data-object-position=\"52% 61%\" srcset=\"https:\/\/thegreenballoon.org\/patisxclima\/wp-content\/uploads\/2026\/04\/260423_u-primavera-IE-Carles-Capdevila-7-1024x768.jpeg 1024w, https:\/\/thegreenballoon.org\/patisxclima\/wp-content\/uploads\/2026\/04\/260423_u-primavera-IE-Carles-Capdevila-7-300x225.jpeg 300w, https:\/\/thegreenballoon.org\/patisxclima\/wp-content\/uploads\/2026\/04\/260423_u-primavera-IE-Carles-Capdevila-7-768x576.jpeg 768w, https:\/\/thegreenballoon.org\/patisxclima\/wp-content\/uploads\/2026\/04\/260423_u-primavera-IE-Carles-Capdevila-7-1536x1152.jpeg 1536w, https:\/\/thegreenballoon.org\/patisxclima\/wp-content\/uploads\/2026\/04\/260423_u-primavera-IE-Carles-Capdevila-7.jpeg 1600w\" sizes=\"auto, (max-width: 1024px) 100vw, 1024px\" \/><span aria-hidden=\"true\" class=\"wp-block-cover__background has-background-dim-0 has-background-dim\" style=\"background-color:#928d87\"><\/span><div class=\"wp-block-cover__inner-container is-layout-flow wp-block-cover-is-layout-flow\">\n<p class=\"has-text-align-center has-large-font-size\"><\/p>\n<\/div><\/div>\n\n\n\n<p><br><em>Lloc<\/em> IE Carles Capdevila d&#8217;Hostalets de Baleny\u00e0<br><em>Dirigit a<\/em> comunitat educativa<br><em>Col\u00b7laboradora<\/em> Jelena Grujic<br><em>Redactors<\/em> arquitectes d\u2019El globus verd<\/p>\n\n\n\n<p>L\u2019<strong>Institut-Escola Carles Capdevila<\/strong> \u00e9s un centre educatiu que integra les etapes d\u2019educaci\u00f3 infantil, prim\u00e0ria i secund\u00e0ria, i constitueix <strong>l\u2019\u00fanic centre d\u2019educaci\u00f3 obligat\u00f2ria del municipi de Baleny\u00e0<\/strong>. Aquesta singularitat refor\u00e7a el seu paper com a espai de refer\u00e8ncia comunit\u00e0ria, caracteritzat per la diversitat de les fam\u00edlies i una estreta vinculaci\u00f3 amb l\u2019entorn social i cultural del poble.<\/p>\n\n\n\n<p>El centre ha experimentat diverses ampliacions al llarg del temps. L\u2019actual edifici d\u2019educaci\u00f3 infantil es va construir el curs 1986-1987, mentre que l\u2019any 2021 es va incorporar un nou edifici destinat a educaci\u00f3 prim\u00e0ria. Actualment, el conjunt escolar est\u00e0 format per<strong> tres edificis corresponents a les diferents etapes educatives<\/strong>, connectats entre si mitjan\u00e7ant un sistema de porxos i una pista coberta.<\/p>\n\n\n\n<p>El recinte escolar disposa d\u2019una superf\u00edcie \u00e0mplia, on els espais exteriors no nom\u00e9s compleixen una funci\u00f3 d\u2019esbarjo, sin\u00f3 que tamb\u00e9 es conceben com a espais educatius. El centre desenvolupa una <strong>proposta pedag\u00f2gica basada en metodologies actives<\/strong>, amb especial \u00e8mfasi en <strong>l\u2019experimentaci\u00f3<\/strong> (particularment en educaci\u00f3 infantil), aix\u00ed com en la <strong>sensibilitzaci\u00f3 art\u00edstica, la lectura, les din\u00e0miques de grup i les activitats a l\u2019aire lliure<\/strong>.<\/p>\n\n\n\n<p><strong><em>Renaturalitzaci\u00f3 dels espais exteriors<\/em><\/strong><br>El projecte preveu diverses intervencions amb l\u2019objectiu de transformar l\u2019actual espai d\u2019esbarjo en un <strong>nou entorn d\u2019aprenentatge renaturalitzat<\/strong>, coherent amb el projecte educatiu del centre. Alhora, es t\u00e9 en compte l\u2019\u00fas existent de l\u2019espai p\u00fablic al municipi, amb la voluntat d\u2019<strong>obrir el pati a la ciutadania fora de l\u2019horari escolar<\/strong>.<br>Es planteja aix\u00ed un espai de coaprenentatge social i ecol\u00f2gic, obert a una ciutadania diversa, que contribueixi a <strong>la transformaci\u00f3 urbana davant els efectes del canvi clim\u00e0tic<\/strong>. En aquest sentit, el projecte incorpora solucions clau d\u2019adaptaci\u00f3 i mitigaci\u00f3, com ara:<\/p>\n\n\n\n<ul class=\"wp-block-list\">\n<li>L\u2019increment de la cobertura vegetal en diferents estrats per afavorir la biodiversitat.<\/li>\n\n\n\n<li>La gesti\u00f3 de l\u2019aigua mitjan\u00e7ant la recollida i l\u2019emmagatzematge d\u2019aig\u00fces pluvials.<\/li>\n\n\n\n<li>La implementaci\u00f3 de sistemes urbans de drenatge sostenible (SUDS).<\/li>\n\n\n\n<li>La recuperaci\u00f3 i ampliaci\u00f3 de superf\u00edcies permeables per afavorir la infiltraci\u00f3 i reduir el risc d\u2019escorrenties torrencials.<\/li>\n<\/ul>\n\n\n\n<p><strong><em>Zonificaci\u00f3 dels espais exteriors<\/em><\/strong><br>La proposta planteja la transformaci\u00f3 integral dels espais exteriors del centre a partir d\u2019una estrat\u00e8gia de renaturalitzaci\u00f3 estructurada en 10 zones d\u2019actuaci\u00f3, cadascuna amb identitat pr\u00f2pia per\u00f2 interconnectada dins d\u2019un sistema coherent d\u2019espais educatius.<\/p>\n\n\n\n<p>Les zones definides s\u00f3n:<\/p>\n\n\n\n<ul class=\"wp-block-list\">\n<li><strong>Zona de jard\u00ed i bosc:<\/strong> principal \u00e0mbit de naturalitzaci\u00f3, amb plantaci\u00f3 d\u2019arbrat i creaci\u00f3 de subespais per a joc, estada i activitats educatives.<\/li>\n\n\n\n<li><strong>Franja posterior de prim\u00e0ria<\/strong>: espai lineal que es transforma amb paviments permeables, arbrat i \u00e0rees d\u2019aula exterior.<\/li>\n\n\n\n<li><strong>Illa de jard\u00ed comestible i hort<\/strong>: \u00e0mbit productiu vinculat a l\u2019aprenentatge, organitzat en terrasses i connectat amb la biblioteca.<\/li>\n\n\n\n<li><strong>Porxos d\u2019infantil i prim\u00e0ria<\/strong>: adaptaci\u00f3 com a espais d\u2019estada i extensi\u00f3 de l\u2019aula amb nou mobiliari.<\/li>\n\n\n\n<li><strong>\u00c0gora central:<\/strong> espai de trobada i activitats col\u00b7lectives, amb grades, ombra i zones d\u2019estada.<\/li>\n\n\n\n<li><strong>Zona central d\u2019acollida:<\/strong> nucli del pati, amb increment de vegetaci\u00f3, jocs naturalitzats i elements d\u2019aigua.<\/li>\n\n\n\n<li><strong>Pati de secund\u00e0ria:<\/strong> gran superf\u00edcie polivalent amb subzones diferenciades per a estada, activitat f\u00edsica i aula exterior.<\/li>\n\n\n\n<li><strong>Pista coberta:<\/strong> espai esportiu flexibilitzat amb nou mobiliari i millora de la relaci\u00f3 amb l\u2019entorn.<\/li>\n\n\n\n<li><strong>Jard\u00ed bot\u00e0nic i hort:<\/strong> \u00e0mbit de naturalitzaci\u00f3 i aprenentatge ambiental amb vegetaci\u00f3 arom\u00e0tica i espais de treball.<\/li>\n\n\n\n<li><strong>Pati d\u2019infantil:<\/strong> espai protegit amb nous elements de joc, sorral i zones d\u2019estada adaptades.<\/li>\n<\/ul>\n\n\n\n<p><strong><em>Proc\u00e9s participatiu<\/em><\/strong><br><strong>La comissi\u00f3 de pati de l\u2019IE Carles Capdevila<\/strong> va impulsar el proc\u00e9s de <strong>reflexi\u00f3 sobre l\u2019estat inicial i el potencial dels espais exteriors del centre<\/strong>. Amb la voluntat d\u2019aprofitar aquesta gran superf\u00edcie com a <strong>oportunitat pedag\u00f2gica<\/strong>, el centre contacta amb El Globus Verd per iniciar un proc\u00e9s participatiu de redisseny. Aquest proc\u00e9s ha perm\u00e8s la co-creaci\u00f3 del projecte a partir de la recollida d\u2019intencions, necessitats i desitjos de tota la comunitat educativa.<\/p>\n\n\n\n<p><strong><em>Fase I : Pati de secund\u00e0ria (gener 2026)<\/em><\/strong><br>En aquesta primera fase, centrada en el pati de secund\u00e0ria, es desenvolupen <strong>les l\u00ednies generals del projecte de renaturalitzaci\u00f3<\/strong>, amb la voluntat de crear un <strong>espai educatiu obert i resilient<\/strong>.<br>A m\u00e9s de les estrat\u00e8gies ambientals ja descrites, el projecte incorpora demandes espec\u00edfiques de la comunitat. En aquest sentit, el Consell d\u2019Infants del municipi va expressar <strong>l\u2019inter\u00e8s per disposar d\u2019espais d&#8217;estada, trobada i escenari, aix\u00ed com un espai de cal\u00b7list\u00e8nia d\u2019\u00fas lliure<\/strong>. La proposta integra aquesta demanda mitjan\u00e7ant la creaci\u00f3 <strong>d\u2019\u00e0rees equipades amb mobiliari adequat estar o per a exercicis d\u2019escalfament muscular, activitats motrius, joc amb pilota o representacions teatrals<\/strong>.<\/p>\n\n\n\n<p>Paral\u00b7lelament, es refor\u00e7a la pres\u00e8ncia de vegetaci\u00f3 i es milloren les condicions ambientals del pati, tot generant <strong>un conjunt d\u2019espais diversos, inclusius i adaptats tant a l\u2019activitat educativa com a l\u2019\u00fas comunitari<\/strong>.<br><br><em>Seguim treballant per fer realitat les seg\u00fcents fases !!<\/em><br><br><strong><em>+ <\/em><\/strong>Imatges de l&#8217;execuci\u00f3 de les obres<br><\/p>\n\n\n\n<figure class=\"wp-block-gallery has-nested-images columns-4 is-cropped wp-block-gallery-1 is-layout-flex wp-block-gallery-is-layout-flex\">\n<figure class=\"wp-block-image size-thumbnail\"><a href=\"https:\/\/thegreenballoon.org\/patisxclima\/wp-content\/uploads\/2026\/04\/260423_IE-the-green-balloon-4.jpg\"><img loading=\"lazy\" decoding=\"async\" width=\"300\" height=\"300\" data-id=\"13443\" src=\"https:\/\/thegreenballoon.org\/patisxclima\/wp-content\/uploads\/2026\/04\/260423_IE-the-green-balloon-4-300x300.jpg\" alt=\"\" class=\"wp-image-13443\"\/><\/a><\/figure>\n\n\n\n<figure class=\"wp-block-image size-thumbnail\"><a href=\"https:\/\/thegreenballoon.org\/patisxclima\/wp-content\/uploads\/2026\/04\/260423_IE-the-green-balloon-2.jpg\"><img loading=\"lazy\" decoding=\"async\" width=\"300\" height=\"300\" data-id=\"13439\" src=\"https:\/\/thegreenballoon.org\/patisxclima\/wp-content\/uploads\/2026\/04\/260423_IE-the-green-balloon-2-300x300.jpg\" alt=\"\" class=\"wp-image-13439\"\/><\/a><\/figure>\n\n\n\n<figure class=\"wp-block-image size-thumbnail\"><a href=\"https:\/\/thegreenballoon.org\/patisxclima\/wp-content\/uploads\/2026\/04\/260423_IE-the-green-balloon-3.jpg\"><img loading=\"lazy\" decoding=\"async\" width=\"300\" height=\"300\" data-id=\"13441\" src=\"https:\/\/thegreenballoon.org\/patisxclima\/wp-content\/uploads\/2026\/04\/260423_IE-the-green-balloon-3-300x300.jpg\" alt=\"\" class=\"wp-image-13441\"\/><\/a><\/figure>\n\n\n\n<figure class=\"wp-block-image size-thumbnail\"><a href=\"https:\/\/thegreenballoon.org\/patisxclima\/wp-content\/uploads\/2026\/04\/260423_IE-the-green-balloon-1.jpg\"><img loading=\"lazy\" decoding=\"async\" width=\"300\" height=\"300\" data-id=\"13437\" src=\"https:\/\/thegreenballoon.org\/patisxclima\/wp-content\/uploads\/2026\/04\/260423_IE-the-green-balloon-1-300x300.jpg\" alt=\"\" class=\"wp-image-13437\"\/><\/a><\/figure>\n\n\n\n<figure class=\"wp-block-image size-thumbnail\"><a href=\"https:\/\/thegreenballoon.org\/patisxclima\/wp-content\/uploads\/2026\/04\/260423_IE-the-green-balloon-3.jpeg\"><img loading=\"lazy\" decoding=\"async\" width=\"300\" height=\"300\" data-id=\"13440\" src=\"https:\/\/thegreenballoon.org\/patisxclima\/wp-content\/uploads\/2026\/04\/260423_IE-the-green-balloon-3-300x300.jpeg\" alt=\"\" class=\"wp-image-13440\"\/><\/a><\/figure>\n\n\n\n<figure class=\"wp-block-image size-thumbnail\"><a href=\"https:\/\/thegreenballoon.org\/patisxclima\/wp-content\/uploads\/2026\/04\/260423_IE-the-green-balloon-2.jpeg\"><img loading=\"lazy\" decoding=\"async\" width=\"300\" height=\"300\" data-id=\"13438\" src=\"https:\/\/thegreenballoon.org\/patisxclima\/wp-content\/uploads\/2026\/04\/260423_IE-the-green-balloon-2-300x300.jpeg\" alt=\"\" class=\"wp-image-13438\"\/><\/a><\/figure>\n\n\n\n<figure class=\"wp-block-image size-thumbnail\"><a href=\"https:\/\/thegreenballoon.org\/patisxclima\/wp-content\/uploads\/2026\/04\/260423_IE-the-green-balloon-4.jpeg\"><img loading=\"lazy\" decoding=\"async\" width=\"300\" height=\"300\" data-id=\"13442\" src=\"https:\/\/thegreenballoon.org\/patisxclima\/wp-content\/uploads\/2026\/04\/260423_IE-the-green-balloon-4-300x300.jpeg\" alt=\"\" class=\"wp-image-13442\"\/><\/a><\/figure>\n\n\n\n<figure class=\"wp-block-image size-thumbnail\"><a href=\"https:\/\/thegreenballoon.org\/patisxclima\/wp-content\/uploads\/2026\/04\/260423_IE-the-green-balloon-5.jpeg\"><img loading=\"lazy\" decoding=\"async\" width=\"300\" height=\"300\" data-id=\"13444\" src=\"https:\/\/thegreenballoon.org\/patisxclima\/wp-content\/uploads\/2026\/04\/260423_IE-the-green-balloon-5-300x300.jpeg\" alt=\"\" class=\"wp-image-13444\"\/><\/a><\/figure>\n\n\n\n<figure class=\"wp-block-image size-thumbnail\"><a href=\"https:\/\/thegreenballoon.org\/patisxclima\/wp-content\/uploads\/2026\/04\/260423_IE-the-green-balloon-8.jpeg\"><img loading=\"lazy\" decoding=\"async\" width=\"300\" height=\"300\" data-id=\"13447\" src=\"https:\/\/thegreenballoon.org\/patisxclima\/wp-content\/uploads\/2026\/04\/260423_IE-the-green-balloon-8-300x300.jpeg\" alt=\"\" class=\"wp-image-13447\"\/><\/a><\/figure>\n\n\n\n<figure class=\"wp-block-image size-thumbnail\"><a href=\"https:\/\/thegreenballoon.org\/patisxclima\/wp-content\/uploads\/2026\/04\/260423_IE-the-green-balloon-6.jpeg\"><img loading=\"lazy\" decoding=\"async\" width=\"300\" height=\"300\" data-id=\"13445\" src=\"https:\/\/thegreenballoon.org\/patisxclima\/wp-content\/uploads\/2026\/04\/260423_IE-the-green-balloon-6-300x300.jpeg\" alt=\"\" class=\"wp-image-13445\"\/><\/a><\/figure>\n\n\n\n<figure class=\"wp-block-image size-thumbnail\"><a href=\"https:\/\/thegreenballoon.org\/patisxclima\/wp-content\/uploads\/2026\/04\/260423_IE-the-green-balloon-9.jpeg\"><img loading=\"lazy\" decoding=\"async\" width=\"300\" height=\"300\" data-id=\"13448\" src=\"https:\/\/thegreenballoon.org\/patisxclima\/wp-content\/uploads\/2026\/04\/260423_IE-the-green-balloon-9-300x300.jpeg\" alt=\"\" class=\"wp-image-13448\"\/><\/a><\/figure>\n\n\n\n<figure class=\"wp-block-image size-thumbnail\"><a href=\"https:\/\/thegreenballoon.org\/patisxclima\/wp-content\/uploads\/2026\/04\/260423_IE-the-green-balloon-10.jpeg\"><img loading=\"lazy\" decoding=\"async\" width=\"300\" height=\"300\" data-id=\"13449\" src=\"https:\/\/thegreenballoon.org\/patisxclima\/wp-content\/uploads\/2026\/04\/260423_IE-the-green-balloon-10-300x300.jpeg\" alt=\"\" class=\"wp-image-13449\"\/><\/a><\/figure>\n\n\n\n<figure class=\"wp-block-image size-thumbnail\"><a href=\"https:\/\/thegreenballoon.org\/patisxclima\/wp-content\/uploads\/2026\/04\/260423_IE-the-green-balloon-11.jpeg\"><img loading=\"lazy\" decoding=\"async\" width=\"300\" height=\"300\" data-id=\"13450\" src=\"https:\/\/thegreenballoon.org\/patisxclima\/wp-content\/uploads\/2026\/04\/260423_IE-the-green-balloon-11-300x300.jpeg\" alt=\"\" class=\"wp-image-13450\"\/><\/a><\/figure>\n\n\n\n<figure class=\"wp-block-image size-thumbnail\"><a href=\"https:\/\/thegreenballoon.org\/patisxclima\/wp-content\/uploads\/2026\/04\/260423_IE-the-green-balloon-13.jpeg\"><img loading=\"lazy\" decoding=\"async\" width=\"300\" height=\"300\" data-id=\"13452\" src=\"https:\/\/thegreenballoon.org\/patisxclima\/wp-content\/uploads\/2026\/04\/260423_IE-the-green-balloon-13-300x300.jpeg\" alt=\"\" class=\"wp-image-13452\"\/><\/a><\/figure>\n\n\n\n<figure class=\"wp-block-image size-thumbnail\"><a href=\"https:\/\/thegreenballoon.org\/patisxclima\/wp-content\/uploads\/2026\/04\/260423_IE-the-green-balloon-12.jpeg\"><img loading=\"lazy\" decoding=\"async\" width=\"300\" height=\"300\" data-id=\"13451\" src=\"https:\/\/thegreenballoon.org\/patisxclima\/wp-content\/uploads\/2026\/04\/260423_IE-the-green-balloon-12-300x300.jpeg\" alt=\"\" class=\"wp-image-13451\"\/><\/a><\/figure>\n\n\n\n<figure class=\"wp-block-image size-thumbnail\"><a href=\"https:\/\/thegreenballoon.org\/patisxclima\/wp-content\/uploads\/2026\/04\/260423_IE-the-green-balloon-7.jpeg\"><img loading=\"lazy\" decoding=\"async\" width=\"300\" height=\"300\" data-id=\"13446\" src=\"https:\/\/thegreenballoon.org\/patisxclima\/wp-content\/uploads\/2026\/04\/260423_IE-the-green-balloon-7-300x300.jpeg\" alt=\"\" class=\"wp-image-13446\"\/><\/a><\/figure>\n\n\n\n<figure class=\"wp-block-image size-thumbnail\"><a href=\"https:\/\/thegreenballoon.org\/patisxclima\/wp-content\/uploads\/2026\/04\/260423_IE-the-green-balloon-14.jpeg\"><img loading=\"lazy\" decoding=\"async\" width=\"300\" height=\"300\" data-id=\"13453\" src=\"https:\/\/thegreenballoon.org\/patisxclima\/wp-content\/uploads\/2026\/04\/260423_IE-the-green-balloon-14-300x300.jpeg\" alt=\"\" class=\"wp-image-13453\"\/><\/a><\/figure>\n\n\n\n<figure class=\"wp-block-image size-thumbnail\"><a href=\"https:\/\/thegreenballoon.org\/patisxclima\/wp-content\/uploads\/2026\/04\/260423_IE-the-green-balloon-22.jpeg\"><img loading=\"lazy\" decoding=\"async\" width=\"300\" height=\"300\" data-id=\"13435\" src=\"https:\/\/thegreenballoon.org\/patisxclima\/wp-content\/uploads\/2026\/04\/260423_IE-the-green-balloon-22-300x300.jpeg\" alt=\"\" class=\"wp-image-13435\"\/><\/a><\/figure>\n\n\n\n<figure class=\"wp-block-image size-thumbnail\"><a href=\"https:\/\/thegreenballoon.org\/patisxclima\/wp-content\/uploads\/2026\/04\/260423_IE-the-green-balloon-20-1.jpeg\"><img loading=\"lazy\" decoding=\"async\" width=\"300\" height=\"300\" data-id=\"13459\" src=\"https:\/\/thegreenballoon.org\/patisxclima\/wp-content\/uploads\/2026\/04\/260423_IE-the-green-balloon-20-1-300x300.jpeg\" alt=\"\" class=\"wp-image-13459\"\/><\/a><\/figure>\n\n\n\n<figure class=\"wp-block-image size-thumbnail\"><a href=\"https:\/\/thegreenballoon.org\/patisxclima\/wp-content\/uploads\/2026\/04\/260423_IE-the-green-balloon-19-1.jpeg\"><img loading=\"lazy\" decoding=\"async\" width=\"300\" height=\"300\" data-id=\"13458\" src=\"https:\/\/thegreenballoon.org\/patisxclima\/wp-content\/uploads\/2026\/04\/260423_IE-the-green-balloon-19-1-300x300.jpeg\" alt=\"\" class=\"wp-image-13458\"\/><\/a><\/figure>\n\n\n\n<figure class=\"wp-block-image size-thumbnail\"><a href=\"https:\/\/thegreenballoon.org\/patisxclima\/wp-content\/uploads\/2026\/04\/260423_IE-the-green-balloon-21.jpeg\"><img loading=\"lazy\" decoding=\"async\" width=\"300\" height=\"300\" data-id=\"13434\" src=\"https:\/\/thegreenballoon.org\/patisxclima\/wp-content\/uploads\/2026\/04\/260423_IE-the-green-balloon-21-300x300.jpeg\" alt=\"\" class=\"wp-image-13434\"\/><\/a><\/figure>\n\n\n\n<figure class=\"wp-block-image size-thumbnail\"><a href=\"https:\/\/thegreenballoon.org\/patisxclima\/wp-content\/uploads\/2026\/04\/260423_IE-the-green-balloon-18.jpeg\"><img loading=\"lazy\" decoding=\"async\" width=\"300\" height=\"300\" data-id=\"13457\" src=\"https:\/\/thegreenballoon.org\/patisxclima\/wp-content\/uploads\/2026\/04\/260423_IE-the-green-balloon-18-300x300.jpeg\" alt=\"\" class=\"wp-image-13457\"\/><\/a><\/figure>\n\n\n\n<figure class=\"wp-block-image size-thumbnail\"><a href=\"https:\/\/thegreenballoon.org\/patisxclima\/wp-content\/uploads\/2026\/04\/260423_IE-the-green-balloon-15.jpeg\"><img loading=\"lazy\" decoding=\"async\" width=\"300\" height=\"300\" data-id=\"13454\" src=\"https:\/\/thegreenballoon.org\/patisxclima\/wp-content\/uploads\/2026\/04\/260423_IE-the-green-balloon-15-300x300.jpeg\" alt=\"\" class=\"wp-image-13454\"\/><\/a><\/figure>\n\n\n\n<figure class=\"wp-block-image size-thumbnail\"><a href=\"https:\/\/thegreenballoon.org\/patisxclima\/wp-content\/uploads\/2026\/04\/260423_IE-the-green-balloon-17.jpeg\"><img loading=\"lazy\" decoding=\"async\" width=\"300\" height=\"300\" data-id=\"13456\" src=\"https:\/\/thegreenballoon.org\/patisxclima\/wp-content\/uploads\/2026\/04\/260423_IE-the-green-balloon-17-300x300.jpeg\" alt=\"\" class=\"wp-image-13456\"\/><\/a><\/figure>\n\n\n\n<figure class=\"wp-block-image size-thumbnail\"><a href=\"https:\/\/thegreenballoon.org\/patisxclima\/wp-content\/uploads\/2026\/04\/260423_IE-the-green-balloon-16.jpeg\"><img loading=\"lazy\" decoding=\"async\" width=\"300\" height=\"300\" data-id=\"13455\" src=\"https:\/\/thegreenballoon.org\/patisxclima\/wp-content\/uploads\/2026\/04\/260423_IE-the-green-balloon-16-300x300.jpeg\" alt=\"\" class=\"wp-image-13455\"\/><\/a><\/figure>\n\n\n\n<figure class=\"wp-block-image size-thumbnail\"><a href=\"https:\/\/thegreenballoon.org\/patisxclima\/wp-content\/uploads\/2026\/04\/260423_u-primavera-IE-Carles-Capdevila-0-rotated.jpeg\"><img loading=\"lazy\" decoding=\"async\" width=\"300\" height=\"300\" data-id=\"13436\" src=\"https:\/\/thegreenballoon.org\/patisxclima\/wp-content\/uploads\/2026\/04\/260423_u-primavera-IE-Carles-Capdevila-0-300x300.jpeg\" alt=\"\" class=\"wp-image-13436\"\/><\/a><\/figure>\n<\/figure>\n\n\n\n<p><strong><em>+ <\/em><\/strong>Imatges pati de secund\u00e0ria en \u00fas<\/p>\n\n\n\n<figure class=\"wp-block-gallery has-nested-images columns-4 is-cropped wp-block-gallery-2 is-layout-flex wp-block-gallery-is-layout-flex\">\n<figure class=\"wp-block-image size-thumbnail\"><a href=\"https:\/\/thegreenballoon.org\/patisxclima\/wp-content\/uploads\/2026\/04\/260423_primavera-IE-Carles-Capdevila-13-rotated.jpeg\"><img loading=\"lazy\" decoding=\"async\" width=\"300\" height=\"300\" data-id=\"13426\" src=\"https:\/\/thegreenballoon.org\/patisxclima\/wp-content\/uploads\/2026\/04\/260423_primavera-IE-Carles-Capdevila-13-300x300.jpeg\" alt=\"\" class=\"wp-image-13426\"\/><\/a><\/figure>\n\n\n\n<figure class=\"wp-block-image size-thumbnail\"><a href=\"https:\/\/thegreenballoon.org\/patisxclima\/wp-content\/uploads\/2026\/04\/260423_primavera-IE-Carles-Capdevila-12.jpeg\"><img loading=\"lazy\" decoding=\"async\" width=\"300\" height=\"300\" data-id=\"13425\" src=\"https:\/\/thegreenballoon.org\/patisxclima\/wp-content\/uploads\/2026\/04\/260423_primavera-IE-Carles-Capdevila-12-300x300.jpeg\" alt=\"\" class=\"wp-image-13425\"\/><\/a><\/figure>\n\n\n\n<figure class=\"wp-block-image size-thumbnail\"><a href=\"https:\/\/thegreenballoon.org\/patisxclima\/wp-content\/uploads\/2026\/04\/260423_primavera-IE-Carles-Capdevila-11.jpeg\"><img loading=\"lazy\" decoding=\"async\" width=\"300\" height=\"300\" data-id=\"13424\" src=\"https:\/\/thegreenballoon.org\/patisxclima\/wp-content\/uploads\/2026\/04\/260423_primavera-IE-Carles-Capdevila-11-300x300.jpeg\" alt=\"\" class=\"wp-image-13424\"\/><\/a><\/figure>\n\n\n\n<figure class=\"wp-block-image size-thumbnail\"><a href=\"https:\/\/thegreenballoon.org\/patisxclima\/wp-content\/uploads\/2026\/04\/260423_primavera-IE-Carles-Capdevila-9.jpeg\"><img loading=\"lazy\" decoding=\"async\" width=\"300\" height=\"300\" data-id=\"13423\" src=\"https:\/\/thegreenballoon.org\/patisxclima\/wp-content\/uploads\/2026\/04\/260423_primavera-IE-Carles-Capdevila-9-300x300.jpeg\" alt=\"\" class=\"wp-image-13423\"\/><\/a><\/figure>\n\n\n\n<figure class=\"wp-block-image size-thumbnail\"><a href=\"https:\/\/thegreenballoon.org\/patisxclima\/wp-content\/uploads\/2026\/04\/260423_primavera-IE-Carles-Capdevila-8.jpeg\"><img loading=\"lazy\" decoding=\"async\" width=\"300\" height=\"300\" data-id=\"13422\" src=\"https:\/\/thegreenballoon.org\/patisxclima\/wp-content\/uploads\/2026\/04\/260423_primavera-IE-Carles-Capdevila-8-300x300.jpeg\" alt=\"\" class=\"wp-image-13422\"\/><\/a><\/figure>\n\n\n\n<figure class=\"wp-block-image size-thumbnail\"><a href=\"https:\/\/thegreenballoon.org\/patisxclima\/wp-content\/uploads\/2026\/04\/260423_primavera-IE-Carles-Capdevila-7.jpeg\"><img loading=\"lazy\" decoding=\"async\" width=\"300\" height=\"300\" data-id=\"13421\" src=\"https:\/\/thegreenballoon.org\/patisxclima\/wp-content\/uploads\/2026\/04\/260423_primavera-IE-Carles-Capdevila-7-300x300.jpeg\" alt=\"\" class=\"wp-image-13421\"\/><\/a><\/figure>\n\n\n\n<figure class=\"wp-block-image size-thumbnail\"><a href=\"https:\/\/thegreenballoon.org\/patisxclima\/wp-content\/uploads\/2026\/04\/260423_primavera-IE-Carles-Capdevila-5.jpeg\"><img loading=\"lazy\" decoding=\"async\" width=\"300\" height=\"300\" data-id=\"13420\" src=\"https:\/\/thegreenballoon.org\/patisxclima\/wp-content\/uploads\/2026\/04\/260423_primavera-IE-Carles-Capdevila-5-300x300.jpeg\" alt=\"\" class=\"wp-image-13420\"\/><\/a><\/figure>\n\n\n\n<figure class=\"wp-block-image size-thumbnail\"><a href=\"https:\/\/thegreenballoon.org\/patisxclima\/wp-content\/uploads\/2026\/04\/260423_primavera-IE-Carles-Capdevila-4.jpeg\"><img loading=\"lazy\" decoding=\"async\" width=\"300\" height=\"300\" data-id=\"13419\" src=\"https:\/\/thegreenballoon.org\/patisxclima\/wp-content\/uploads\/2026\/04\/260423_primavera-IE-Carles-Capdevila-4-300x300.jpeg\" alt=\"\" class=\"wp-image-13419\"\/><\/a><\/figure>\n\n\n\n<figure class=\"wp-block-image size-thumbnail\"><a href=\"https:\/\/thegreenballoon.org\/patisxclima\/wp-content\/uploads\/2026\/04\/260423_primavera-IE-Carles-Capdevila-3.jpeg\"><img loading=\"lazy\" decoding=\"async\" width=\"300\" height=\"300\" data-id=\"13418\" src=\"https:\/\/thegreenballoon.org\/patisxclima\/wp-content\/uploads\/2026\/04\/260423_primavera-IE-Carles-Capdevila-3-300x300.jpeg\" alt=\"\" class=\"wp-image-13418\"\/><\/a><\/figure>\n\n\n\n<figure class=\"wp-block-image size-thumbnail\"><a href=\"https:\/\/thegreenballoon.org\/patisxclima\/wp-content\/uploads\/2026\/04\/260423_primavera-IE-Carles-Capdevila-2.jpeg\"><img loading=\"lazy\" decoding=\"async\" width=\"300\" height=\"300\" data-id=\"13417\" src=\"https:\/\/thegreenballoon.org\/patisxclima\/wp-content\/uploads\/2026\/04\/260423_primavera-IE-Carles-Capdevila-2-300x300.jpeg\" alt=\"\" class=\"wp-image-13417\"\/><\/a><\/figure>\n\n\n\n<figure class=\"wp-block-image size-thumbnail\"><a href=\"https:\/\/thegreenballoon.org\/patisxclima\/wp-content\/uploads\/2026\/04\/260423_primavera-IE-Carles-Capdevila-0.jpeg\"><img loading=\"lazy\" decoding=\"async\" width=\"300\" height=\"300\" data-id=\"13416\" src=\"https:\/\/thegreenballoon.org\/patisxclima\/wp-content\/uploads\/2026\/04\/260423_primavera-IE-Carles-Capdevila-0-300x300.jpeg\" alt=\"\" class=\"wp-image-13416\"\/><\/a><\/figure>\n<\/figure>\n","protected":false},"excerpt":{"rendered":"<p>El projecte preveu diverses intervencions amb l\u2019objectiu de transformar l\u2019actual espai d\u2019esbarjo en un nou entorn d\u2019aprenentatge renaturalitzat&#8230;<\/p>\n","protected":false},"author":3,"featured_media":13422,"comment_status":"closed","ping_status":"closed","sticky":false,"template":"","format":"standard","meta":{"footnotes":""},"categories":[7,208],"tags":[],"class_list":["post-13432","post","type-post","status-publish","format-standard","has-post-thumbnail","hentry","category-patisxclima","category-projectes","infinite-scroll-item","generate-columns","tablet-grid-50","mobile-grid-100","grid-parent","grid-25","no-featured-image-padding"],"_links":{"self":[{"href":"https:\/\/thegreenballoon.org\/patisxclima\/wp-json\/wp\/v2\/posts\/13432","targetHints":{"allow":["GET"]}}],"collection":[{"href":"https:\/\/thegreenballoon.org\/patisxclima\/wp-json\/wp\/v2\/posts"}],"about":[{"href":"https:\/\/thegreenballoon.org\/patisxclima\/wp-json\/wp\/v2\/types\/post"}],"author":[{"embeddable":true,"href":"https:\/\/thegreenballoon.org\/patisxclima\/wp-json\/wp\/v2\/users\/3"}],"replies":[{"embeddable":true,"href":"https:\/\/thegreenballoon.org\/patisxclima\/wp-json\/wp\/v2\/comments?post=13432"}],"version-history":[{"count":15,"href":"https:\/\/thegreenballoon.org\/patisxclima\/wp-json\/wp\/v2\/posts\/13432\/revisions"}],"predecessor-version":[{"id":13486,"href":"https:\/\/thegreenballoon.org\/patisxclima\/wp-json\/wp\/v2\/posts\/13432\/revisions\/13486"}],"wp:featuredmedia":[{"embeddable":true,"href":"https:\/\/thegreenballoon.org\/patisxclima\/wp-json\/wp\/v2\/media\/13422"}],"wp:attachment":[{"href":"https:\/\/thegreenballoon.org\/patisxclima\/wp-json\/wp\/v2\/media?parent=13432"}],"wp:term":[{"taxonomy":"category","embeddable":true,"href":"https:\/\/thegreenballoon.org\/patisxclima\/wp-json\/wp\/v2\/categories?post=13432"},{"taxonomy":"post_tag","embeddable":true,"href":"https:\/\/thegreenballoon.org\/patisxclima\/wp-json\/wp\/v2\/tags?post=13432"}],"curies":[{"name":"wp","href":"https:\/\/api.w.org\/{rel}","templated":true}]}}