{"id":13414,"date":"2026-04-30T12:45:50","date_gmt":"2026-04-30T10:45:50","guid":{"rendered":"https:\/\/thegreenballoon.org\/patisxclima\/?p=13414"},"modified":"2026-04-30T14:01:46","modified_gmt":"2026-04-30T12:01:46","slug":"primavera-als-patis-aprendre-jugar-i-creixer-a-laire-lliure","status":"publish","type":"post","link":"https:\/\/thegreenballoon.org\/patisxclima\/noticies\/primavera-als-patis-aprendre-jugar-i-creixer-a-laire-lliure\/","title":{"rendered":"Primavera als patis: aprendre, jugar i cr\u00e9ixer a l\u2019aire lliure"},"content":{"rendered":"\n<div class=\"wp-block-cover is-light\"><img loading=\"lazy\" decoding=\"async\" width=\"1024\" height=\"771\" class=\"wp-block-cover__image-background wp-image-13416 size-large\" alt=\"\" src=\"https:\/\/thegreenballoon.org\/patisxclima\/wp-content\/uploads\/2026\/04\/260423_primavera-IE-Carles-Capdevila-0-1024x771.jpeg\" style=\"object-position:53% 76%\" data-object-fit=\"cover\" data-object-position=\"53% 76%\" srcset=\"https:\/\/thegreenballoon.org\/patisxclima\/wp-content\/uploads\/2026\/04\/260423_primavera-IE-Carles-Capdevila-0-1024x771.jpeg 1024w, https:\/\/thegreenballoon.org\/patisxclima\/wp-content\/uploads\/2026\/04\/260423_primavera-IE-Carles-Capdevila-0-300x226.jpeg 300w, https:\/\/thegreenballoon.org\/patisxclima\/wp-content\/uploads\/2026\/04\/260423_primavera-IE-Carles-Capdevila-0-768x578.jpeg 768w, https:\/\/thegreenballoon.org\/patisxclima\/wp-content\/uploads\/2026\/04\/260423_primavera-IE-Carles-Capdevila-0-1536x1157.jpeg 1536w, https:\/\/thegreenballoon.org\/patisxclima\/wp-content\/uploads\/2026\/04\/260423_primavera-IE-Carles-Capdevila-0.jpeg 2040w\" sizes=\"auto, (max-width: 1024px) 100vw, 1024px\" \/><span aria-hidden=\"true\" class=\"wp-block-cover__background has-background-dim-0 has-background-dim\" style=\"background-color:#8f8978\"><\/span><div class=\"wp-block-cover__inner-container is-layout-flow wp-block-cover-is-layout-flow\">\n<p class=\"has-text-align-center has-large-font-size\"><\/p>\n<\/div><\/div>\n\n\n\n<p><\/p>\n\n\n\n<p>Amb l\u2019arribada de la primavera,<strong> els patis escolars es transformen<\/strong>. Les temperatures suaus, els dies m\u00e9s llargs i l\u2019esclat de verd conviden a sortir a fora \u2014 i fan evident el <strong>potencial educatiu, ambiental i emocional dels espais exteriors.<\/strong><\/p>\n\n\n\n<p>En un context de canvi clim\u00e0tic i augment de les temperatures, disposar de patis renaturalitzats no \u00e9s nom\u00e9s una millora est\u00e8tica: \u00e9s una necessitat. Els arbres proporcionen ombra, regulen la temperatura i creen microclimes m\u00e9s confortables. Per\u00f2 tamb\u00e9 aporten molt m\u00e9s: es converteixen <strong>en veritables aules obertes on l\u2019aprenentatge esdev\u00e9 vivencial<\/strong>.<\/p>\n\n\n\n<p>Observar els cicles de les plantes, experimentar amb materials naturals o simplement disposar d\u2019espais que afavoreixen el joc lliure i el moviment s\u00f3n experi\u00e8ncies que <strong>impacten positivament en el benestar emocional, la concentraci\u00f3 i el desenvolupament psicomotor d\u2019infants i joves<\/strong>.<\/p>\n\n\n\n<p>Un bon exemple d\u2019aquest potencial el trobem a l\u2019<strong>Institut Escola Carles Capdevila d\u2019Hostalets de Baleny\u00e0<\/strong>. Aquesta primavera, la comunitat educativa ha comen\u00e7at a gaudir del seu pati naturalitzat, un espai que, tot i haver estat pensat inicialment per a Secund\u00e0ria, s\u2019ha convertit en un lloc compartit per a tot el centre.<\/p>\n\n\n\n<p>El pati \u00e9s fruit d\u2019un <strong>proc\u00e9s col\u00b7lectiu llarg i sostingut<\/strong>, en qu\u00e8 professorat, <strong>alumnat i fam\u00edlies han participat activament en la definici\u00f3 del disseny i els usos<\/strong>. Despr\u00e9s de gaireb\u00e9 quatre anys de treball \u2014 amb idees compartides, recerca de recursos i execuci\u00f3 \u2014 avui aquest espai comen\u00e7a a donar els seus fruits.<\/p>\n\n\n\n<p>Les imatges d\u2019aquests dies ho expliquen millor que cap paraula: infants plantant, fent classe a l\u2019exterior o jugant sota l\u2019ombra dels arbres. Escenes que ens parlen d\u2019una altra manera d\u2019habitar l\u2019escola.<\/p>\n\n\n\n<p>I el proc\u00e9s no s\u2019atura. El centre ja est\u00e0 projectant una nova fase que permetr\u00e0 ampliar la transformaci\u00f3 al pati de Prim\u00e0ria, fent cr\u00e9ixer aquest model d\u2019espai educatiu m\u00e9s verd, inclusiu i resilient.<\/p>\n\n\n\n<p><strong>Aquesta primavera, m\u00e9s que mai, els patis ens recorden que aprendre tamb\u00e9 passa a fora.<\/strong><\/p>\n\n\n\n<figure class=\"wp-block-gallery has-nested-images columns-3 is-cropped wp-block-gallery-1 is-layout-flex wp-block-gallery-is-layout-flex\">\n<figure class=\"wp-block-image size-thumbnail\"><img loading=\"lazy\" decoding=\"async\" width=\"300\" height=\"300\" data-id=\"13425\" src=\"https:\/\/thegreenballoon.org\/patisxclima\/wp-content\/uploads\/2026\/04\/260423_primavera-IE-Carles-Capdevila-12-300x300.jpeg\" alt=\"\" class=\"wp-image-13425\"\/><\/figure>\n\n\n\n<figure class=\"wp-block-image size-thumbnail\"><img loading=\"lazy\" decoding=\"async\" width=\"300\" height=\"300\" data-id=\"13423\" src=\"https:\/\/thegreenballoon.org\/patisxclima\/wp-content\/uploads\/2026\/04\/260423_primavera-IE-Carles-Capdevila-9-300x300.jpeg\" alt=\"\" class=\"wp-image-13423\"\/><\/figure>\n\n\n\n<figure class=\"wp-block-image size-thumbnail\"><img loading=\"lazy\" decoding=\"async\" width=\"300\" height=\"300\" data-id=\"13424\" src=\"https:\/\/thegreenballoon.org\/patisxclima\/wp-content\/uploads\/2026\/04\/260423_primavera-IE-Carles-Capdevila-11-300x300.jpeg\" alt=\"\" class=\"wp-image-13424\"\/><\/figure>\n\n\n\n<figure class=\"wp-block-image size-thumbnail\"><img loading=\"lazy\" decoding=\"async\" width=\"300\" height=\"300\" data-id=\"13420\" src=\"https:\/\/thegreenballoon.org\/patisxclima\/wp-content\/uploads\/2026\/04\/260423_primavera-IE-Carles-Capdevila-5-300x300.jpeg\" alt=\"\" class=\"wp-image-13420\"\/><\/figure>\n\n\n\n<figure class=\"wp-block-image size-thumbnail\"><img loading=\"lazy\" decoding=\"async\" width=\"300\" height=\"300\" data-id=\"13417\" src=\"https:\/\/thegreenballoon.org\/patisxclima\/wp-content\/uploads\/2026\/04\/260423_primavera-IE-Carles-Capdevila-2-300x300.jpeg\" alt=\"\" class=\"wp-image-13417\"\/><\/figure>\n\n\n\n<figure class=\"wp-block-image size-thumbnail\"><img loading=\"lazy\" decoding=\"async\" width=\"300\" height=\"300\" data-id=\"13416\" src=\"https:\/\/thegreenballoon.org\/patisxclima\/wp-content\/uploads\/2026\/04\/260423_primavera-IE-Carles-Capdevila-0-300x300.jpeg\" alt=\"\" class=\"wp-image-13416\"\/><\/figure>\n\n\n\n<figure class=\"wp-block-image size-thumbnail\"><img loading=\"lazy\" decoding=\"async\" width=\"300\" height=\"300\" data-id=\"13421\" src=\"https:\/\/thegreenballoon.org\/patisxclima\/wp-content\/uploads\/2026\/04\/260423_primavera-IE-Carles-Capdevila-7-300x300.jpeg\" alt=\"\" class=\"wp-image-13421\"\/><\/figure>\n\n\n\n<figure class=\"wp-block-image size-thumbnail\"><img loading=\"lazy\" decoding=\"async\" width=\"300\" height=\"300\" data-id=\"13422\" src=\"https:\/\/thegreenballoon.org\/patisxclima\/wp-content\/uploads\/2026\/04\/260423_primavera-IE-Carles-Capdevila-8-300x300.jpeg\" alt=\"\" class=\"wp-image-13422\"\/><\/figure>\n\n\n\n<figure class=\"wp-block-image size-thumbnail\"><img loading=\"lazy\" decoding=\"async\" width=\"300\" height=\"300\" data-id=\"13419\" src=\"https:\/\/thegreenballoon.org\/patisxclima\/wp-content\/uploads\/2026\/04\/260423_primavera-IE-Carles-Capdevila-4-300x300.jpeg\" alt=\"\" class=\"wp-image-13419\"\/><\/figure>\n\n\n\n<figure class=\"wp-block-image size-thumbnail\"><img loading=\"lazy\" decoding=\"async\" width=\"300\" height=\"300\" data-id=\"13418\" src=\"https:\/\/thegreenballoon.org\/patisxclima\/wp-content\/uploads\/2026\/04\/260423_primavera-IE-Carles-Capdevila-3-300x300.jpeg\" alt=\"\" class=\"wp-image-13418\"\/><\/figure>\n\n\n\n<figure class=\"wp-block-image size-thumbnail\"><img loading=\"lazy\" decoding=\"async\" width=\"300\" height=\"300\" data-id=\"13426\" src=\"https:\/\/thegreenballoon.org\/patisxclima\/wp-content\/uploads\/2026\/04\/260423_primavera-IE-Carles-Capdevila-13-300x300.jpeg\" alt=\"\" class=\"wp-image-13426\"\/><\/figure>\n<\/figure>\n","protected":false},"excerpt":{"rendered":"<p>Els patis naturalitzats ofereixen noves oportunitats educatives, ambientals i socials. El projecte de l\u2019Institut Escola Carles Capdevila mostra com aquests espais poden transformar-se en entorns d\u2019aprenentatge m\u00e9s saludables, inclusius i resilients.<\/p>\n","protected":false},"author":3,"featured_media":13416,"comment_status":"closed","ping_status":"closed","sticky":false,"template":"","format":"standard","meta":{"footnotes":""},"categories":[239],"tags":[],"class_list":["post-13414","post","type-post","status-publish","format-standard","has-post-thumbnail","hentry","category-noticies","infinite-scroll-item","generate-columns","tablet-grid-50","mobile-grid-100","grid-parent","grid-25","no-featured-image-padding"],"_links":{"self":[{"href":"https:\/\/thegreenballoon.org\/patisxclima\/wp-json\/wp\/v2\/posts\/13414","targetHints":{"allow":["GET"]}}],"collection":[{"href":"https:\/\/thegreenballoon.org\/patisxclima\/wp-json\/wp\/v2\/posts"}],"about":[{"href":"https:\/\/thegreenballoon.org\/patisxclima\/wp-json\/wp\/v2\/types\/post"}],"author":[{"embeddable":true,"href":"https:\/\/thegreenballoon.org\/patisxclima\/wp-json\/wp\/v2\/users\/3"}],"replies":[{"embeddable":true,"href":"https:\/\/thegreenballoon.org\/patisxclima\/wp-json\/wp\/v2\/comments?post=13414"}],"version-history":[{"count":7,"href":"https:\/\/thegreenballoon.org\/patisxclima\/wp-json\/wp\/v2\/posts\/13414\/revisions"}],"predecessor-version":[{"id":13504,"href":"https:\/\/thegreenballoon.org\/patisxclima\/wp-json\/wp\/v2\/posts\/13414\/revisions\/13504"}],"wp:featuredmedia":[{"embeddable":true,"href":"https:\/\/thegreenballoon.org\/patisxclima\/wp-json\/wp\/v2\/media\/13416"}],"wp:attachment":[{"href":"https:\/\/thegreenballoon.org\/patisxclima\/wp-json\/wp\/v2\/media?parent=13414"}],"wp:term":[{"taxonomy":"category","embeddable":true,"href":"https:\/\/thegreenballoon.org\/patisxclima\/wp-json\/wp\/v2\/categories?post=13414"},{"taxonomy":"post_tag","embeddable":true,"href":"https:\/\/thegreenballoon.org\/patisxclima\/wp-json\/wp\/v2\/tags?post=13414"}],"curies":[{"name":"wp","href":"https:\/\/api.w.org\/{rel}","templated":true}]}}